{"id":15063,"date":"2022-09-15T22:56:20","date_gmt":"2022-09-16T01:56:20","guid":{"rendered":"https:\/\/www.diocesesaoluis.org.br\/home\/?p=15063"},"modified":"2022-10-27T08:41:04","modified_gmt":"2022-10-27T11:41:04","slug":"novos-bispos-do-regional-centro-oeste-destacam-preocupacao-do-papa-francisco-com-os-desafios-da-igreja-no-mundo","status":"publish","type":"post","link":"https:\/\/www.diocesesaoluis.org.br\/home\/2022\/09\/15\/novos-bispos-do-regional-centro-oeste-destacam-preocupacao-do-papa-francisco-com-os-desafios-da-igreja-no-mundo\/","title":{"rendered":"Novos bispos do Regional Centro-Oeste destacam preocupa\u00e7\u00e3o do Papa Francisco com os desafios da Igreja no mundo"},"content":{"rendered":"\n<p>Quatro bispos do Regional Centro-Oeste da CNBB, ordenados entre os anos de 2020 e 2021, participaram do Curso Anual de Forma\u00e7\u00e3o para Novos Bispos, que aconteceu nos dias 1\u00ba a 8 de setembro, no Vaticano. Realizado pelo Dicast\u00e9rio para os Bispos, o evento reuniu 155 bispos, dos quais 11 brasileiros. Do nosso regional participaram Dom Giovani Carlos, bispo diocesano de Urua\u00e7u (GO); Dom Dilmo Franco, bispo auxiliar de An\u00e1polis (GO); Dom Jeov\u00e1 Elias, bispo diocesano de Goi\u00e1s (GO); e Dom Lindomar Rocha, bispo diocesano de S\u00e3o Lu\u00eds de Montes Belos (GO).<\/p>\n\n\n\n<p>Em entrevista a Assessoria de Imprensa do Regional, tr\u00eas deles falaram sobre a experi\u00eancia de participar do encontro. \u201cFoi um encontro alegre, fraterno, principalmente porque est\u00e1vamos ali mais de 150 bispos, n\u00f3s latinos \u00e9ramos cerca de 100 com dois anos ou mais de ordenados e depois havia 50 bispos cat\u00f3licos, por\u00e9m, de rito oriental\u201d, disse Dom Lindomar Rocha Mota, bispo diocesano de S\u00e3o Lu\u00eds de Montes Belos (GO).<\/p>\n\n\n\n<p>Dom Dilmo Franco, bispo auxiliar da Diocese de An\u00e1polis (GO) comentou que o tema da sinodalidade foi bastante explorado no encontro. \u201cEm todas as coloca\u00e7\u00f5es se passava transversalmente o tema da sinodalidade no processo de evangeliza\u00e7\u00e3o e sempre refor\u00e7ando que n\u00e3o \u00e9 um s\u00ednodo que tem come\u00e7o e fim, mas que a sinodalidade \u00e9 o ser da pr\u00f3pria Igreja, uma Igreja que \u00e9 comunh\u00e3o, que caminha junto sempre refor\u00e7ando isso\u201d. Outro ponto de destaque no encontro, conforme o bispo auxiliar da Diocese de An\u00e1polis, foi import\u00e2ncia da proximidade da Igreja neste tempo de pandemia. \u201cO encontro refor\u00e7ou essa quest\u00e3o de estarmos pr\u00f3ximos, de sermos presen\u00e7a, de buscarmos de fato mostrar a Igreja como aquela m\u00e3e que acolhe a todos e se preocupa tamb\u00e9m com todos\u201d.<\/p>\n\n\n\n<figure class=\"wp-block-image\"><img decoding=\"async\" src=\"https:\/\/www.cnbbco.com\/images\/1-encontro-novos-bispos-formacao-2022.jpg\" alt=\"\"\/><\/figure>\n\n\n\n<p><strong>Desafios da Igreja<\/strong><\/p>\n\n\n\n<div class=\"wp-block-image\"><figure class=\"alignleft is-resized\"><img loading=\"lazy\" decoding=\"async\" src=\"https:\/\/www.cnbbco.com\/images\/1-dom-dilmo-encontro-formativo-novos-bispos-vaticano-2022.jpg\" alt=\"\" width=\"266\" height=\"354\"\/><\/figure><\/div>\n\n\n\n<p>Dom Dilmo disse que durante os dias de curso ficou evidente que os desafios da Igreja s\u00e3o bem parecidos em todo o mundo. \u201c\u00c9 interessante a gente notar que os problemas da Igreja no Brasil num sentido amplo, s\u00e3o os problemas da Igreja do mundo, ou seja, s\u00f3 muda o endere\u00e7o: as d\u00favidas, as dificuldades, os desafios \u00e9 o desafio do mundo, o desafio da pessoa humana onde ela est\u00e1. N\u00e3o h\u00e1 solu\u00e7\u00f5es m\u00e1gicas, n\u00e3o h\u00e1 uma f\u00f3rmula para se aplicar e dizer que resolve, de fato \u00e9 a Igreja que caminha junto, a\u00ed est\u00e1 a sinodalidade: pastores e ovelhas todos os batizados, juntos encontrar o caminho ao qual a realidade hoje nos pede mudan\u00e7a e por isso aquela import\u00e2ncia t\u00e3o grande de escutar o esp\u00edrito, a sinodalidade \u00e9 um tempo de ora\u00e7\u00e3o. A Igreja sempre est\u00e1 em ora\u00e7\u00e3o para escutar o esp\u00edrito para que possamos discernir o que ele pede a n\u00f3s diante do momento presente, diante da realidade humana a qual estamos passando\u201d.<\/p>\n\n\n\n<p><strong>Audi\u00eancia com o papa Francisco<\/strong><\/p>\n\n\n\n<div class=\"wp-block-image\"><figure class=\"alignleft is-resized\"><img loading=\"lazy\" decoding=\"async\" src=\"https:\/\/www.cnbbco.com\/images\/1-dom-jeova-elias-encontro-formacao-novos-bispos-vaticano.jpg\" alt=\"\" width=\"245\" height=\"326\"\/><\/figure><\/div>\n\n\n\n<p class=\"has-text-align-left\">Dom Jeov\u00e1 Elias, bispo diocesano de Goi\u00e1s (GO) destacou a audi\u00eancia com o papa Francisco. \u201cEle come\u00e7ou a sua fala convidando os bispos a terem quatro proximidades ou, como ele dizia, vizinhan\u00e7as. A primeira proximidade do bispo deve ser Deus, viver a comunh\u00e3o com Deus. Sem essa comunh\u00e3o fica muito dif\u00edcil o seu minist\u00e9rio; a segunda proximidade \u00e9 com os pr\u00f3prios irm\u00e3os no minist\u00e9rio episcopal, viver a fraternidade episcopal, viver a comunh\u00e3o com os outros bispos, se apoiarem, serem fraternos, constru\u00edrem v\u00ednculos de amizade mesmo na diversidade, nas diferen\u00e7as que eles possuem; a terceira proximidade deve ser com os seus padres, o bispo deve animar o seu clero, animar os seus padres, estar presente na vida deles, n\u00e3o deix\u00e1-los sozinhos; a quarta proximidade \u00e9 com todo o povo de Deus, o bispo como pastor deve estar presente na vida do seu povo, nos momentos, sobretudo, de sofrimento, de dificuldade, ajudando a renovar a esperan\u00e7a do seu povo\u201d.<\/p>\n\n\n\n<p>Ap\u00f3s a fala do papa foi aberto para perguntas e Dom Jeov\u00e1 foi um dos bispos que participou deste momento. Ele tamb\u00e9m aproveitou para entregar um presente ao papa. \u201cEu levei uma tese que eu fiz nos meus estudos em Bogot\u00e1 (Col\u00f4mbia) exatamente sobre a Mensagem do papa Francisco nas viagens que ele fez aos pa\u00edses da Am\u00e9rica Latina e do Caribe em defesa da dignidade da vida humana. Entreguei a tese em m\u00e3os como um presente refletindo sobre essa mensagem dirigida pelo papa em suas viagens. Ao final da audi\u00eancia, cada um teve a oportunidade de cumpriment\u00e1-lo, posar para a foto oficial, pegar na m\u00e3o do papa, dizer uma palavra de modo breve, ele ficou mais de duas horas nessa audi\u00eancia conosco\u201d.<\/p>\n\n\n\n<figure class=\"wp-block-image\"><img decoding=\"async\" src=\"https:\/\/www.cnbbco.com\/images\/1-lindomar-encontro-novos-bispos-vaticano-2022.jpg\" alt=\"\"\/><\/figure>\n\n\n\n<p>Dom Lindomar enfatizou a preocupa\u00e7\u00e3o do papa em querer saber dos bispos sobre a situa\u00e7\u00e3o particular de cada um, de cada bispo e de cada diocese. Dom Dilmo, por sua vez, disse ter ficado muito marcado, no encontro com o papa, a sua preocupa\u00e7\u00e3o com a Igreja nos diversos pa\u00edses, sobretudo aqueles que est\u00e3o em guerra. \u201cT\u00ednhamos no encontro, bispos da Ucr\u00e2nia, da Venezuela, do Chile que passam por dificuldades em seus pa\u00edses e o papa sempre manifestando a proximidade com os pa\u00edses em guerra, com a situa\u00e7\u00e3o da Nicar\u00e1gua ele est\u00e1 muito pr\u00f3ximo, \u00e0s vezes a gente v\u00ea as pessoas criticando, mas temos que nos lembrar que o sil\u00eancio dele diante do mundo, da imprensa, n\u00e3o \u00e9 o sil\u00eancio nas a\u00e7\u00f5es, ele est\u00e1 pr\u00f3ximo porque se \u00e0s vezes fizer alguma coisa a mais pode ter uma repres\u00e1lia para os crist\u00e3os que est\u00e3o ali. Ent\u00e3o \u00e9 todo um cuidado para n\u00e3o piorar a situa\u00e7\u00e3o daqueles que est\u00e3o l\u00e1 aprisionados. O papa est\u00e1 muito pr\u00f3ximo da Ucr\u00e2nia, da Nicar\u00e1gua, desses pa\u00edses que est\u00e3o em dificuldade e pede para n\u00f3s sermos promotores da paz no sentido de lutarmos para que todas as pessoas tenham o direito e a liberdade preservados\u201d.<\/p>\n\n\n\n<p>Os momentos celebrativos tamb\u00e9m foram muito importantes. Os bispos participaram de v\u00e1rias celebra\u00e7\u00f5es. \u201cNo dia 3 n\u00f3s fomos todos celebrar em Santa Maria Maior. No domingo, dia 4, participamos da beatifica\u00e7\u00e3o de Jo\u00e3o Paulo I, praticamente 90% dos bispos que ali estavam foram celebrar com o papa, e para concluir tudo, aconteceu a visita ao Santo Padre, chegamos mais cedo, celebramos na Bas\u00edlica de S\u00e3o Pedro a missa presidida pelo cardeal Marc Ouellet, o prefeito do Dicast\u00e9rio para os Bispos\u201d, afirmou Dom Lindomar.<\/p>\n","protected":false},"excerpt":{"rendered":"<p>Quatro bispos do Regional Centro-Oeste da CNBB, ordenados entre os anos de 2020 e 2021, participaram do Curso Anual de Forma\u00e7\u00e3o para Novos Bispos, que aconteceu nos dias 1\u00ba a 8 de setembro, no Vaticano. Realizado pelo Dicast\u00e9rio para os Bispos, o evento reuniu 155 bispos, dos quais 11 brasileiros. Do nosso regional participaram Dom<span class=\"read-more arrow\"><a href=\"https:\/\/www.diocesesaoluis.org.br\/home\/2022\/09\/15\/novos-bispos-do-regional-centro-oeste-destacam-preocupacao-do-papa-francisco-com-os-desafios-da-igreja-no-mundo\/\" title=\"Read More\">&rarr;<\/a><\/span><\/p>\n","protected":false},"author":2,"featured_media":15064,"comment_status":"closed","ping_status":"open","sticky":false,"template":"","format":"standard","meta":{"ub_ctt_via":"","footnotes":""},"categories":[253],"tags":[221,254,215,338],"class_list":{"0":"post-15063","1":"post","2":"type-post","3":"status-publish","4":"format-standard","5":"has-post-thumbnail","7":"category-regional-centro-oeste","8":"tag-dom-lindomar","9":"tag-papa-francisco","10":"tag-regional-centro-oeste","11":"tag-vaticano"},"featured_image_src":"https:\/\/www.diocesesaoluis.org.br\/home\/wp-content\/uploads\/2022\/09\/20a12b3f495f4c872b2b108acea7b37f_L.jpg","author_info":{"display_name":false,"author_link":"https:\/\/www.diocesesaoluis.org.br\/home\/author\/lucas\/"},"_links":{"self":[{"href":"https:\/\/www.diocesesaoluis.org.br\/home\/wp-json\/wp\/v2\/posts\/15063","targetHints":{"allow":["GET"]}}],"collection":[{"href":"https:\/\/www.diocesesaoluis.org.br\/home\/wp-json\/wp\/v2\/posts"}],"about":[{"href":"https:\/\/www.diocesesaoluis.org.br\/home\/wp-json\/wp\/v2\/types\/post"}],"author":[{"embeddable":true,"href":"https:\/\/www.diocesesaoluis.org.br\/home\/wp-json\/wp\/v2\/users\/2"}],"replies":[{"embeddable":true,"href":"https:\/\/www.diocesesaoluis.org.br\/home\/wp-json\/wp\/v2\/comments?post=15063"}],"version-history":[{"count":1,"href":"https:\/\/www.diocesesaoluis.org.br\/home\/wp-json\/wp\/v2\/posts\/15063\/revisions"}],"predecessor-version":[{"id":15065,"href":"https:\/\/www.diocesesaoluis.org.br\/home\/wp-json\/wp\/v2\/posts\/15063\/revisions\/15065"}],"wp:featuredmedia":[{"embeddable":true,"href":"https:\/\/www.diocesesaoluis.org.br\/home\/wp-json\/wp\/v2\/media\/15064"}],"wp:attachment":[{"href":"https:\/\/www.diocesesaoluis.org.br\/home\/wp-json\/wp\/v2\/media?parent=15063"}],"wp:term":[{"taxonomy":"category","embeddable":true,"href":"https:\/\/www.diocesesaoluis.org.br\/home\/wp-json\/wp\/v2\/categories?post=15063"},{"taxonomy":"post_tag","embeddable":true,"href":"https:\/\/www.diocesesaoluis.org.br\/home\/wp-json\/wp\/v2\/tags?post=15063"}],"curies":[{"name":"wp","href":"https:\/\/api.w.org\/{rel}","templated":true}]}}