{"id":14981,"date":"2022-08-30T15:55:01","date_gmt":"2022-08-30T18:55:01","guid":{"rendered":"https:\/\/www.diocesesaoluis.org.br\/home\/?p=14981"},"modified":"2022-09-15T23:11:00","modified_gmt":"2022-09-16T02:11:00","slug":"final-de-semana-marca-as-comemoracoes-ao-dia-do-catequista","status":"publish","type":"post","link":"https:\/\/www.diocesesaoluis.org.br\/home\/2022\/08\/30\/final-de-semana-marca-as-comemoracoes-ao-dia-do-catequista\/","title":{"rendered":"Final de semana marca as comemora\u00e7\u00f5es ao dia do catequista"},"content":{"rendered":"\n<p>Com grande alegria celebramos o DIA NACIONAL DO CATEQUISTA. Em toda a diocese nossos irm\u00e3os e irm\u00e3s que se dedicam com tanto zelo pela inicia\u00e7\u00e3o das crian\u00e7as, jovens e adultos foram parabenizados e renovaram o seu compromisso com a miss\u00e3o que lhes foi confiada.<\/p>\n\n\n\n<p>No dia 27 de agosto realizou-se o ENCONTRO FOR\u00c2NEO com os catequistas da FORANIA S\u00c3O SEBASTI\u00c3O na cidade de Acre\u00fana.&nbsp; Com o tema <strong>\u201cCATEQUISTA: express\u00e3o do amor de Deus no meio de n\u00f3s!\u201d<\/strong> e o lema <em>\u201cComo o Pai me amou assim tamb\u00e9m eu vos amei. Permanecei no meu amor\u201d (Jo 15,9<\/em>)\u201d, o encontro contou com a assessoria de Abadias Aparecida Pereira, do N\u00facleo de Catequese da Editora Paulinas. Durante todo o dia 92 catequistas se emocionaram, celebraram e animados compartilharam momentos que foram planejados com muito carinho.<\/p>\n\n\n\n<p>No dia 28 de agosto o REGIONAL CENTRO OESTE realizou a ROMARIA DOS CATEQUISTAS \u00e0 cidade de Trindade. Esta foi a d\u00e9cima terceira edi\u00e7\u00e3o e contou com a participa\u00e7\u00e3o de catequistas de diversas dioceses. A concentra\u00e7\u00e3o foi realizada no Portal da f\u00e9 e em seguida todos seguiram em caminhada at\u00e9 o Santu\u00e1rio do Divino Pai Eterno. \u00c0s 10h foi celebrada a missa presidida por Dom Waldemar Passini Dalbello.<\/p>\n\n\n\n<p>Agradecemos a todos pelo empenho e dedica\u00e7\u00e3o para que este momento marcasse a nossa hist\u00f3ria. Sigamos com f\u00e9 na certeza de que o Senhor nos acompanha!<\/p>\n\n\n\n<p class=\"has-text-align-right\"><strong>Departamento de Catequese<\/strong><\/p>\n\n\n\n<div class=\"wp-block-gmedia-album gmedia-shortcode\"><div class=\"gmedia_gallery amron_module is_bot\" id=\"GmediaGallery_90\" data-gmid=\"90\" data-module=\"amron\"><script type=\"text\/javascript\">\n\t(function() {\n\t\tthis['GmediaGallery_90'] = {\n\t\t\t'settings':{\"collectionThumbRecomendedWidth\":\"260\",\"collectionPreloaderColor\":\"333333\",\"linkTargetWindow\":\"_blank\",\"thumbSpacing\":\"10\",\"tagsFilter\":\"1\",\"tagCloudAll\":\"All\",\"tagCloudTextColor\":\"rgba(0, 0, 0, 1)\",\"tagCloudTextColorOver\":\"rgba(255,255, 255, 1)\",\"tagCloudBgColor\":\"rgba(211, 211, 211, 1)\",\"tagCloudBgColorOver\":\"rgba(11, 11, 11, 1)\",\"collectionThumbHoverColor\":\"rgba(0, 0, 0, .7)\",\"collectionThumbContentBGColor\":\"rgba(245,245,245,1)\",\"collectionThumbTitleShow\":\"1\",\"collectionThumbTitleColor\":\"rgba(0,0,0,1)\",\"collectionThumbFontSize\":\"18\",\"collectionThumbDescriptionShow\":\"1\",\"collectionThumbDescriptionColor\":\"rgba(0,0,0,1)\",\"collectionThumbDescriptionFontSize\":\"15\",\"collectionReadMoreButtonLabel\":\"Read More\",\"collectionReadMoreButtonLabelColor\":\"rgba(255, 255, 255, 1)\",\"collectionReadMoreButtonBGColor\":\"rgba(0, 0, 0, 1)\",\"collectionReadMoreButtonLabelColorHover\":\"rgba(0, 0, 0, 1)\",\"collectionReadMoreButtonBGColorHover\":\"rgba(235,235,235,1)\",\"modaBgColor\":\"rgba(0,0,0,0.9)\",\"modalInfoBoxBgColor\":\"rgba(255,255,255,1)\",\"modalInfoBoxTitleTextColor\":\"000000\",\"modalInfoBoxTextColor\":\"333333\",\"infoBarCountersEnable\":\"1\",\"infoBarDateInfoEnable\":\"1\",\"lightBoxEnable\":\"1\",\"sliderPreloaderColor\":\"ffffff\",\"sliderBgColor\":\"rgba(0,0,0,0.8)\",\"sliderHeaderFooterBgColor\":\"000000\",\"sliderNavigationColor\":\"rgba(0,0,0,1)\",\"sliderNavigationIconColor\":\"rgba(255,255,255,1)\",\"sliderNavigationColorOver\":\"rgba(255,255,255,1)\",\"sliderNavigationIconColorOver\":\"rgba(0,0,0,1)\",\"sliderItemTitleFontSize\":\"24\",\"sliderItemTitleTextColor\":\"ffffff\",\"sliderThumbBarEnable\":\"0\",\"sliderThumbBarHoverColor\":\"ffffff\",\"sliderThumbSubMenuBackgroundColor\":\"rgba(0,0,0,1)\",\"sliderThumbSubMenuBackgroundColorOver\":\"rgba(255,255,255,1)\",\"sliderThumbSubMenuIconColor\":\"rgba(255,255,255,1)\",\"sliderThumbSubMenuIconHoverColor\":\"rgba(0,0,0,1)\",\"sliderInfoEnable\":\"1\",\"sliderItemDownload\":\"1\",\"sliderItemDiscuss\":\"1\",\"sliderSocialShareEnabled\":\"1\",\"sliderLikesEnabled\":\"1\",\"customCSS\":\"\",\"module_url\":\"https:\\\/\\\/www.diocesesaoluis.org.br\\\/home\\\/wp-content\\\/plugins\\\/grand-media\\\/module\\\/amron\",\"license\":\"\",\"post_url\":\"https:\\\/\\\/www.diocesesaoluis.org.br\\\/home\\\/wp-json\\\/wp\\\/v2\\\/posts\\\/14981\"},\n\t\t\t'appQuery':{\"orderby\":\"ID\",\"order\":\"DESC\",\"album__in\":\"90\",\"status\":[\"publish\"],\"limit\":100},\n\t\t\t'appApi':\"https:\\\/\\\/www.diocesesaoluis.org.br\\\/home\\\/?gmedia-app=1&gmappversion=4&gmmodule=1\",\n\t\t\t'appInfo':{\"name\":\"Encontro Catequese Acre 2022\",\"description\":\"\"}};\n\t})();\n<\/script>\n<\/div><\/div>\n","protected":false},"excerpt":{"rendered":"<p>Com grande alegria celebramos o DIA NACIONAL DO CATEQUISTA. Em toda a diocese nossos irm\u00e3os e irm\u00e3s que se dedicam com tanto zelo pela inicia\u00e7\u00e3o das crian\u00e7as, jovens e adultos foram parabenizados e renovaram o seu compromisso com a miss\u00e3o que lhes foi confiada. No dia 27 de agosto realizou-se o ENCONTRO FOR\u00c2NEO com os<span class=\"read-more arrow\"><a href=\"https:\/\/www.diocesesaoluis.org.br\/home\/2022\/08\/30\/final-de-semana-marca-as-comemoracoes-ao-dia-do-catequista\/\" title=\"Read More\">&rarr;<\/a><\/span><\/p>\n","protected":false},"author":2,"featured_media":14994,"comment_status":"closed","ping_status":"open","sticky":false,"template":"","format":"standard","meta":{"ub_ctt_via":"","footnotes":""},"categories":[6,108,218],"tags":[322,344],"class_list":{"0":"post-14981","1":"post","2":"type-post","3":"status-publish","4":"format-standard","5":"has-post-thumbnail","7":"category-bispo-diocesano","8":"category-forania-sao-sebastiao","9":"category-pastorais","10":"tag-catequese","11":"tag-forania-sao-sebastiao"},"featured_image_src":"https:\/\/www.diocesesaoluis.org.br\/home\/wp-content\/uploads\/2022\/08\/WhatsApp-Image-2022-08-29-at-14.49.29.jpeg","author_info":{"display_name":false,"author_link":"https:\/\/www.diocesesaoluis.org.br\/home\/author\/lucas\/"},"_links":{"self":[{"href":"https:\/\/www.diocesesaoluis.org.br\/home\/wp-json\/wp\/v2\/posts\/14981","targetHints":{"allow":["GET"]}}],"collection":[{"href":"https:\/\/www.diocesesaoluis.org.br\/home\/wp-json\/wp\/v2\/posts"}],"about":[{"href":"https:\/\/www.diocesesaoluis.org.br\/home\/wp-json\/wp\/v2\/types\/post"}],"author":[{"embeddable":true,"href":"https:\/\/www.diocesesaoluis.org.br\/home\/wp-json\/wp\/v2\/users\/2"}],"replies":[{"embeddable":true,"href":"https:\/\/www.diocesesaoluis.org.br\/home\/wp-json\/wp\/v2\/comments?post=14981"}],"version-history":[{"count":2,"href":"https:\/\/www.diocesesaoluis.org.br\/home\/wp-json\/wp\/v2\/posts\/14981\/revisions"}],"predecessor-version":[{"id":14996,"href":"https:\/\/www.diocesesaoluis.org.br\/home\/wp-json\/wp\/v2\/posts\/14981\/revisions\/14996"}],"wp:featuredmedia":[{"embeddable":true,"href":"https:\/\/www.diocesesaoluis.org.br\/home\/wp-json\/wp\/v2\/media\/14994"}],"wp:attachment":[{"href":"https:\/\/www.diocesesaoluis.org.br\/home\/wp-json\/wp\/v2\/media?parent=14981"}],"wp:term":[{"taxonomy":"category","embeddable":true,"href":"https:\/\/www.diocesesaoluis.org.br\/home\/wp-json\/wp\/v2\/categories?post=14981"},{"taxonomy":"post_tag","embeddable":true,"href":"https:\/\/www.diocesesaoluis.org.br\/home\/wp-json\/wp\/v2\/tags?post=14981"}],"curies":[{"name":"wp","href":"https:\/\/api.w.org\/{rel}","templated":true}]}}