{"id":14667,"date":"2022-05-30T07:35:34","date_gmt":"2022-05-30T10:35:34","guid":{"rendered":"https:\/\/www.diocesesaoluis.org.br\/home\/?p=14667"},"modified":"2022-06-20T17:34:33","modified_gmt":"2022-06-20T20:34:33","slug":"papa-francisco-nomeia-dom-paulo-cezar-costa-como-cardeal-da-igreja","status":"publish","type":"post","link":"https:\/\/www.diocesesaoluis.org.br\/home\/2022\/05\/30\/papa-francisco-nomeia-dom-paulo-cezar-costa-como-cardeal-da-igreja\/","title":{"rendered":"Papa Francisco nomeia Dom Paulo Cezar Costa como cardeal da Igreja"},"content":{"rendered":"\n<p>O papa Francisco nomeou neste domingo, 29 de maio, Solenidade da Ascens\u00e3o do Senhor, 21 novos cardeais. O consist\u00f3rio de cria\u00e7\u00e3o dos novos purpurados acontecer\u00e1 no dia 27 de agosto. Os brasileiros Dom Paulo Cezar da Costa, arcebispo metropolitano de Bras\u00edlia e Dom Leonardo Ulrich Steiner, est\u00e3o na lista.<\/p>\n\n\n\n<p>Dom Paulo participou de entrevista coletiva pela manh\u00e3, logo ap\u00f3s o an\u00fancio. Ele afirmou ter ficado surpreso com a escolha do seu nome pelo Santo Padre. \u201cA surpresa foi total porque o papa anunciou a lista e entre os nomeados estava o meu nome. Ele n\u00e3o me comunicou, acho que n\u00e3o comunicou a nenhum dos novos cardeais, ent\u00e3o foi uma surpresa total, e reflete o reconhecimento do nosso trabalho e a bondade do papa Francisco para conosco e para com a Igreja do Brasil e para com a Igreja de Bras\u00edlia\u201d, declarou aos rep\u00f3rteres presentes.<\/p>\n\n\n\n<p>Questionado sobre o que mudaria a partir de agora, Dom Paulo afirmou que continuar\u00e1 sendo um servidor do povo, da Igreja e da sociedade. \u201cO papel do bispo \u00e9 servir, a minha agenda \u00e9 a mesma, continuar\u00e1 at\u00e9 o fim do dia a mesma e durante a semana a mesma. Nosso papel \u00e9 este: servir com alegria, esse \u00e9 o sentido do nosso minist\u00e9rio e o servi\u00e7o \u00e9 um conceito bonito. Oxal\u00e1 nossa sociedade, nossos pol\u00edticos, os homens de decis\u00e3o de um pa\u00eds tivessem sempre essa perspectiva e essa vis\u00e3o do minist\u00e9rio daquilo que voc\u00ea exerce na vida da sociedade como servi\u00e7o. O servi\u00e7o nos liberta e faz com que n\u00e3o sejamos apegados ao cargo, que sejamos um servidor, algu\u00e9m que se coloca com leveza buscando o bem do nosso amado povo, no meu caso o bem da Igreja, mas tamb\u00e9m o bem da sociedade\u201d.<\/p>\n\n\n\n<p>Em seguida, Dom Paulo Cezar explicou sobre a miss\u00e3o dos cardeais. \u201cOs cardeais s\u00e3o aqueles que t\u00eam a miss\u00e3o de ajudar o papa no governo da Igreja. O Col\u00e9gio cardinal\u00edcio \u00e9 muito grande e os cardeais t\u00eam a miss\u00e3o de servir o povo de Deus e o papa no governo da Igreja e aquilo que o Santo Padre pedir de mim e eu buscarei fazer, que \u00e9 servir com alegria olhando para Jesus Cristo grande servidor, e continuar servindo com alegria a nossa amada Arquidiocese\u201d.<\/p>\n\n\n\n<p><strong>Dom Paulo Cezar Costa &#8211; Arcebispo Metropolita da Arquidiocese de Bras\u00edlia<\/strong><br><br>Nasceu a 20 de julho de 1967 em Valen\u00e7a, na diocese do mesmo nome. Completou seus estudos em Filosofia no Semin\u00e1rio Nossa Senhora do Amor Divino em Petr\u00f3polis e os de Teologia no Instituto Superior de Teologia da Arquidiocese Metropolitana de S\u00e3o Sebasti\u00e3o do Rio de Janeiro. Obteve depois a Licenciatura e o Doutoramento em Teologia Dogm\u00e1tica na Pontif\u00edcia Universidade Gregoriana de Roma (1996-2001).<\/p>\n\n\n\n<p>Recebeu a ordena\u00e7\u00e3o sacerdotal em 5 de dezembro de 1992 e foi incardinado na Diocese de Valen\u00e7a.<\/p>\n\n\n\n<p>Durante seu minist\u00e9rio sacerdotal ocupou os seguintes cargos: Vig\u00e1rio Paroquial da Para\u00edba do Sul (1993); P\u00e1roco da Par\u00f3quia de S\u00e3o Sebasti\u00e3o dos Ferreiros em Vassouras (1994-1996), P\u00e1roco da Par\u00f3quia de Santa Rosa de Lima em Valen\u00e7a (2001-2006); Diretor e Professor do Departamento de Teologia da Pontif\u00edcia Universidade Cat\u00f3lica do Rio de Janeiro (2007-2010); Reitor do Semin\u00e1rio Interdiocesano Paulo VI e Diretor do Instituto Paulo VI de Filosofia e Teologia de Nova Igua\u00e7u (2006-2010). Em 24 de novembro de 2010 foi nomeado bispo titular de Esco e auxiliar da Arquidiocese Metropolitana de S\u00e3o Sebasti\u00e3o do Rio de Janeiro. Recebeu a ordena\u00e7\u00e3o episcopal em 5 de fevereiro de 2011. Em 22 de junho de 2016 foi transferido como Bispo de S\u00e3o Carlos. Na Confer\u00eancia Episcopal Brasileira \u00e9 membro do Conselho Permanente e da Comiss\u00e3o Episcopal de Cultura e Educa\u00e7\u00e3o. Desde 2020 \u00e9 membro do Pontif\u00edcio Conselho para a Unidade dos Crist\u00e3os e da Pontif\u00edcia Comiss\u00e3o para a Am\u00e9rica Latina.<\/p>\n\n\n\n<p>Em 21 de outubro de 2020, o Santo Padre Francisco o nomeou Arcebispo Metropolitano da Arquidiocese de Bras\u00edlia (Brasil).<\/p>\n\n\n\n<p>Foto e texto: CNBB Centro-Oeste<\/p>\n","protected":false},"excerpt":{"rendered":"<p>O papa Francisco nomeou neste domingo, 29 de maio, Solenidade da Ascens\u00e3o do Senhor, 21 novos cardeais. O consist\u00f3rio de cria\u00e7\u00e3o dos novos purpurados acontecer\u00e1 no dia 27 de agosto. Os brasileiros Dom Paulo Cezar da Costa, arcebispo metropolitano de Bras\u00edlia e Dom Leonardo Ulrich Steiner, est\u00e3o na lista. Dom Paulo participou de entrevista coletiva<span class=\"read-more arrow\"><a href=\"https:\/\/www.diocesesaoluis.org.br\/home\/2022\/05\/30\/papa-francisco-nomeia-dom-paulo-cezar-costa-como-cardeal-da-igreja\/\" title=\"Read More\">&rarr;<\/a><\/span><\/p>\n","protected":false},"author":2,"featured_media":14668,"comment_status":"closed","ping_status":"open","sticky":false,"template":"","format":"standard","meta":{"ub_ctt_via":"","footnotes":""},"categories":[253],"tags":[254,215],"class_list":{"0":"post-14667","1":"post","2":"type-post","3":"status-publish","4":"format-standard","5":"has-post-thumbnail","7":"category-regional-centro-oeste","8":"tag-papa-francisco","9":"tag-regional-centro-oeste"},"featured_image_src":"https:\/\/www.diocesesaoluis.org.br\/home\/wp-content\/uploads\/2022\/05\/dbb31cd5d0f38e8f6ccbb5456d140857_L.jpg","author_info":{"display_name":false,"author_link":"https:\/\/www.diocesesaoluis.org.br\/home\/author\/lucas\/"},"_links":{"self":[{"href":"https:\/\/www.diocesesaoluis.org.br\/home\/wp-json\/wp\/v2\/posts\/14667","targetHints":{"allow":["GET"]}}],"collection":[{"href":"https:\/\/www.diocesesaoluis.org.br\/home\/wp-json\/wp\/v2\/posts"}],"about":[{"href":"https:\/\/www.diocesesaoluis.org.br\/home\/wp-json\/wp\/v2\/types\/post"}],"author":[{"embeddable":true,"href":"https:\/\/www.diocesesaoluis.org.br\/home\/wp-json\/wp\/v2\/users\/2"}],"replies":[{"embeddable":true,"href":"https:\/\/www.diocesesaoluis.org.br\/home\/wp-json\/wp\/v2\/comments?post=14667"}],"version-history":[{"count":1,"href":"https:\/\/www.diocesesaoluis.org.br\/home\/wp-json\/wp\/v2\/posts\/14667\/revisions"}],"predecessor-version":[{"id":14669,"href":"https:\/\/www.diocesesaoluis.org.br\/home\/wp-json\/wp\/v2\/posts\/14667\/revisions\/14669"}],"wp:featuredmedia":[{"embeddable":true,"href":"https:\/\/www.diocesesaoluis.org.br\/home\/wp-json\/wp\/v2\/media\/14668"}],"wp:attachment":[{"href":"https:\/\/www.diocesesaoluis.org.br\/home\/wp-json\/wp\/v2\/media?parent=14667"}],"wp:term":[{"taxonomy":"category","embeddable":true,"href":"https:\/\/www.diocesesaoluis.org.br\/home\/wp-json\/wp\/v2\/categories?post=14667"},{"taxonomy":"post_tag","embeddable":true,"href":"https:\/\/www.diocesesaoluis.org.br\/home\/wp-json\/wp\/v2\/tags?post=14667"}],"curies":[{"name":"wp","href":"https:\/\/api.w.org\/{rel}","templated":true}]}}