{"id":13845,"date":"2021-12-17T17:04:00","date_gmt":"2021-12-17T20:04:00","guid":{"rendered":"https:\/\/www.diocesesaoluis.org.br\/home\/?p=13845"},"modified":"2022-02-11T20:45:34","modified_gmt":"2022-02-11T23:45:34","slug":"dom-lindomar-dedica-a-igreja-sagrada-familia-pertencente-a-paroquia-divino-espirito-santo","status":"publish","type":"post","link":"https:\/\/www.diocesesaoluis.org.br\/home\/2021\/12\/17\/dom-lindomar-dedica-a-igreja-sagrada-familia-pertencente-a-paroquia-divino-espirito-santo\/","title":{"rendered":"Dom Lindomar dedica a Igreja Sagrada Fam\u00edlia, pertencente \u00e0 Par\u00f3quia Divino Esp\u00edrito Santo"},"content":{"rendered":"\n<p>No domingo (12\/12), a Par\u00f3quia Divino Esp\u00edrito Santo, em Palmeiras de Goi\u00e1s, junto do p\u00e1roco, Pe. Welliton, se alegrou com o novo cap\u00edtulo que est\u00e3o iniciando. Fundada em 2018, sendo a 2\u00b0 Par\u00f3quia de Palmeiras de Goi\u00e1s, a Par\u00f3quia vem buscando recursos para a constru\u00e7\u00e3o da Igreja Sagrada Fam\u00edlia.<\/p>\n\n\n\n<p>Desde ent\u00e3o muitos paroquianos, engenheiro, arquiteta se uniram a essa miss\u00e3o e as paredes come\u00e7aram a ser erguidas.<\/p>\n\n\n\n<p>Com a estrutura b\u00e1sica pronta da Igreja Sagrada Fam\u00edlia, secretaria e Centro Catequ\u00e9tico, Dom Lindomar afirmou que com as paredes erguidas as celebra\u00e7\u00f5es deveriam ser na Igreja Sagrada Fam\u00edlia, para que toda a comunidade viva a edifica\u00e7\u00e3o da Par\u00f3quia Divino Esp\u00edrito Santo.<\/p>\n\n\n\n<p>No domingo (12\/12), o domingo da Alegria, todos os paroquianos participaram da Santa Missa de dedica\u00e7\u00e3o da Igreja Sagrada Fam\u00edlia, presidida por Dom Lindomar Rocha. Concelebraram o p\u00e1roco, Pe. Welliton, e os padres Ozaine, Jo\u00e3o Aur\u00e9lio, Josimar e Fl\u00e1vio.<\/p>\n\n\n\n<div class=\"wp-block-gmedia-album gmedia-shortcode\"><div class=\"gmedia_gallery amron_module is_bot\" id=\"GmediaGallery_36\" data-gmid=\"36\" data-module=\"amron\"><script type=\"text\/javascript\">\n\t(function() {\n\t\tthis['GmediaGallery_36'] = {\n\t\t\t'settings':{\"collectionThumbRecomendedWidth\":\"260\",\"collectionPreloaderColor\":\"333333\",\"linkTargetWindow\":\"_blank\",\"thumbSpacing\":\"10\",\"tagsFilter\":\"1\",\"tagCloudAll\":\"All\",\"tagCloudTextColor\":\"rgba(0, 0, 0, 1)\",\"tagCloudTextColorOver\":\"rgba(255,255, 255, 1)\",\"tagCloudBgColor\":\"rgba(211, 211, 211, 1)\",\"tagCloudBgColorOver\":\"rgba(11, 11, 11, 1)\",\"collectionThumbHoverColor\":\"rgba(0, 0, 0, .7)\",\"collectionThumbContentBGColor\":\"rgba(245,245,245,1)\",\"collectionThumbTitleShow\":\"1\",\"collectionThumbTitleColor\":\"rgba(0,0,0,1)\",\"collectionThumbFontSize\":\"18\",\"collectionThumbDescriptionShow\":\"1\",\"collectionThumbDescriptionColor\":\"rgba(0,0,0,1)\",\"collectionThumbDescriptionFontSize\":\"15\",\"collectionReadMoreButtonLabel\":\"Read More\",\"collectionReadMoreButtonLabelColor\":\"rgba(255, 255, 255, 1)\",\"collectionReadMoreButtonBGColor\":\"rgba(0, 0, 0, 1)\",\"collectionReadMoreButtonLabelColorHover\":\"rgba(0, 0, 0, 1)\",\"collectionReadMoreButtonBGColorHover\":\"rgba(235,235,235,1)\",\"modaBgColor\":\"rgba(0,0,0,0.9)\",\"modalInfoBoxBgColor\":\"rgba(255,255,255,1)\",\"modalInfoBoxTitleTextColor\":\"000000\",\"modalInfoBoxTextColor\":\"333333\",\"infoBarCountersEnable\":\"1\",\"infoBarDateInfoEnable\":\"1\",\"lightBoxEnable\":\"1\",\"sliderPreloaderColor\":\"ffffff\",\"sliderBgColor\":\"rgba(0,0,0,0.8)\",\"sliderHeaderFooterBgColor\":\"000000\",\"sliderNavigationColor\":\"rgba(0,0,0,1)\",\"sliderNavigationIconColor\":\"rgba(255,255,255,1)\",\"sliderNavigationColorOver\":\"rgba(255,255,255,1)\",\"sliderNavigationIconColorOver\":\"rgba(0,0,0,1)\",\"sliderItemTitleFontSize\":\"24\",\"sliderItemTitleTextColor\":\"ffffff\",\"sliderThumbBarEnable\":\"0\",\"sliderThumbBarHoverColor\":\"ffffff\",\"sliderThumbSubMenuBackgroundColor\":\"rgba(0,0,0,1)\",\"sliderThumbSubMenuBackgroundColorOver\":\"rgba(255,255,255,1)\",\"sliderThumbSubMenuIconColor\":\"rgba(255,255,255,1)\",\"sliderThumbSubMenuIconHoverColor\":\"rgba(0,0,0,1)\",\"sliderInfoEnable\":\"1\",\"sliderItemDownload\":\"1\",\"sliderItemDiscuss\":\"1\",\"sliderSocialShareEnabled\":\"1\",\"sliderLikesEnabled\":\"1\",\"customCSS\":\"\",\"module_url\":\"https:\\\/\\\/www.diocesesaoluis.org.br\\\/home\\\/wp-content\\\/plugins\\\/grand-media\\\/module\\\/amron\",\"license\":\"\",\"post_url\":\"https:\\\/\\\/www.diocesesaoluis.org.br\\\/home\\\/wp-json\\\/wp\\\/v2\\\/posts\\\/13845\"},\n\t\t\t'appQuery':{\"orderby\":\"ID\",\"order\":\"DESC\",\"album__in\":\"36\",\"status\":[\"publish\"],\"limit\":100},\n\t\t\t'appApi':\"https:\\\/\\\/www.diocesesaoluis.org.br\\\/home\\\/?gmedia-app=1&gmappversion=4&gmmodule=1\",\n\t\t\t'appInfo':{\"name\":\"Dedica\\u00e7\\u00e3o Igreja Sagrada Fam\\u00edlia\",\"description\":\"\"}};\n\t})();\n<\/script>\n<\/div><\/div>\n","protected":false},"excerpt":{"rendered":"<p>No domingo (12\/12), a Par\u00f3quia Divino Esp\u00edrito Santo, em Palmeiras de Goi\u00e1s, junto do p\u00e1roco, Pe. Welliton, se alegrou com o novo cap\u00edtulo que est\u00e3o iniciando. Fundada em 2018, sendo a 2\u00b0 Par\u00f3quia de Palmeiras de Goi\u00e1s, a Par\u00f3quia vem buscando recursos para a constru\u00e7\u00e3o da Igreja Sagrada Fam\u00edlia. Desde ent\u00e3o muitos paroquianos, engenheiro, arquiteta<span class=\"read-more arrow\"><a href=\"https:\/\/www.diocesesaoluis.org.br\/home\/2021\/12\/17\/dom-lindomar-dedica-a-igreja-sagrada-familia-pertencente-a-paroquia-divino-espirito-santo\/\" title=\"Read More\">&rarr;<\/a><\/span><\/p>\n","protected":false},"author":2,"featured_media":13849,"comment_status":"closed","ping_status":"open","sticky":false,"template":"","format":"standard","meta":{"ub_ctt_via":"","footnotes":""},"categories":[6,108,73],"tags":[344,265],"class_list":{"0":"post-13845","1":"post","2":"type-post","3":"status-publish","4":"format-standard","5":"has-post-thumbnail","7":"category-bispo-diocesano","8":"category-forania-sao-sebastiao","9":"category-paroquias","10":"tag-forania-sao-sebastiao","11":"tag-paroquias"},"featured_image_src":"https:\/\/www.diocesesaoluis.org.br\/home\/wp-content\/uploads\/2021\/12\/IMG-20211222-WA0000.jpg","author_info":{"display_name":false,"author_link":"https:\/\/www.diocesesaoluis.org.br\/home\/author\/lucas\/"},"_links":{"self":[{"href":"https:\/\/www.diocesesaoluis.org.br\/home\/wp-json\/wp\/v2\/posts\/13845","targetHints":{"allow":["GET"]}}],"collection":[{"href":"https:\/\/www.diocesesaoluis.org.br\/home\/wp-json\/wp\/v2\/posts"}],"about":[{"href":"https:\/\/www.diocesesaoluis.org.br\/home\/wp-json\/wp\/v2\/types\/post"}],"author":[{"embeddable":true,"href":"https:\/\/www.diocesesaoluis.org.br\/home\/wp-json\/wp\/v2\/users\/2"}],"replies":[{"embeddable":true,"href":"https:\/\/www.diocesesaoluis.org.br\/home\/wp-json\/wp\/v2\/comments?post=13845"}],"version-history":[{"count":2,"href":"https:\/\/www.diocesesaoluis.org.br\/home\/wp-json\/wp\/v2\/posts\/13845\/revisions"}],"predecessor-version":[{"id":13848,"href":"https:\/\/www.diocesesaoluis.org.br\/home\/wp-json\/wp\/v2\/posts\/13845\/revisions\/13848"}],"wp:featuredmedia":[{"embeddable":true,"href":"https:\/\/www.diocesesaoluis.org.br\/home\/wp-json\/wp\/v2\/media\/13849"}],"wp:attachment":[{"href":"https:\/\/www.diocesesaoluis.org.br\/home\/wp-json\/wp\/v2\/media?parent=13845"}],"wp:term":[{"taxonomy":"category","embeddable":true,"href":"https:\/\/www.diocesesaoluis.org.br\/home\/wp-json\/wp\/v2\/categories?post=13845"},{"taxonomy":"post_tag","embeddable":true,"href":"https:\/\/www.diocesesaoluis.org.br\/home\/wp-json\/wp\/v2\/tags?post=13845"}],"curies":[{"name":"wp","href":"https:\/\/api.w.org\/{rel}","templated":true}]}}