{"id":13699,"date":"2021-11-30T07:45:22","date_gmt":"2021-11-30T10:45:22","guid":{"rendered":"https:\/\/www.diocesesaoluis.org.br\/home\/?p=13699"},"modified":"2021-12-09T09:54:36","modified_gmt":"2021-12-09T12:54:36","slug":"o-que-esperamos-no-advento","status":"publish","type":"post","link":"https:\/\/www.diocesesaoluis.org.br\/home\/2021\/11\/30\/o-que-esperamos-no-advento\/","title":{"rendered":"O que esperamos no Advento?"},"content":{"rendered":"\n<p class=\"has-text-align-right\">Dom Lindomar Rocha Mota<br>Bispo de S\u00e3o Lu\u00eds de Montes Belos (GO)<\/p>\n\n\n\n<p>No Advento esperamos Reino de Deus e o Reino de Deus \u00e9 um evento!<\/p>\n\n\n\n<p>Enquanto que as maiores inquietudes dizem respeito ao tempo e a hora em que ele ir\u00e1 acontecer, as mais refinadas se perguntam sobre a forma e o modo de seu acontecimento.<\/p>\n\n\n\n<p>O Reino de Deus, entretanto, embora se pare\u00e7a com um acontecimento \u00e9 uma constru\u00e7\u00e3o. A f\u00e9 no bem que opera no mundo \u00e9 construtivista, cujo evento exemplar nos \u00e9 dado com entrada de Jesus no mundo.<\/p>\n\n\n\n<p>O Reino n\u00e3o aparece como uma grande constru\u00e7\u00e3o que salta aos olhos de maneira espantosa, ele \u00e9 inaugurado.<\/p>\n\n\n\n<p>Com in\u00fameros exemplos Jesus tenta transmitir a ideia do Reino, e, em nenhuma delas, ele se parece com algo grande e acabado, mas sempre como o primeiro passo na dire\u00e7\u00e3o de uma constru\u00e7\u00e3o maior.<\/p>\n\n\n\n<p>Seja o fermento na massa, seja a semente de mostarda, o Reino sempre est\u00e1 se formando, e quando Jo\u00e3o pede para perguntar se o Reino de Deus chegou, Jesus manda responder que ele apenas come\u00e7ou, pois os cegos veem, os surdos ouvem e os pobres se tornaram destinat\u00e1ria do que existe de mais belo e lindo neste mundo, o an\u00fancio da boa nova.<\/p>\n\n\n\n<p>O destino do Reino \u00e9 se multiplicar por toda parte. N\u00e3o tem hora, n\u00e3o tem limite, n\u00e3o tem prazo. Estende-se por todo lado na soma de a\u00e7\u00f5es desinteressadas que acontecem, em sua maioria, despercebidas.<\/p>\n\n\n\n<p>A vontade do bem e a for\u00e7a dos pequenos s\u00e3o as duas retas que orientam na dire\u00e7\u00e3o do Reino. O Reino mesmo se forma a partir desses dois lugares.<\/p>\n\n\n\n<p>O Reino de Deus tamb\u00e9m \u00e9 coragem. Coragem de saber que uma semente que produz a \u00e1rvore tem mais valor do que o ouro. A fome saciada de um pequeno vale mais que todo dinheiro nos bancos.<\/p>\n\n\n\n<p>A coragem para a constru\u00e7\u00e3o do Reino n\u00e3o \u00e9 gloriosa, \u00e9 persistente.<\/p>\n\n\n\n<p>Sendo o Reino tudo isso de inesperado, ent\u00e3o, embora muitos acreditem que \u00e9 preciso um grande poder para consertar as coisas, Jesus na manjedoura fala o contr\u00e1rio. \u00c9 na coragem e persist\u00eancia dos pequenos que coisas grandes acontecem. S\u00f3 os pequenos t\u00eam suficiente coragem para deixar tudo e seguir na procura do Reino.<\/p>\n\n\n\n<p>O exemplo de Deus, que se arrancou das infinitas alturas para se fazer crian\u00e7a no meio de n\u00f3s, \u00e9 a prova que n\u00e3o \u00e9 pela for\u00e7a que venceremos, mas na imita\u00e7\u00e3o de Deus que se fez pequeno, porque os pequenos s\u00e3o mais fortes.<\/p>\n\n\n\n<p>\u00c9 bem verdade que esta for\u00e7a tem sua origem no servi\u00e7o ao pr\u00f3ximo e a humanidade. N\u00e3o vem pelo metal ou pelo manuseio dos arreios de guerra, \u00e9 mais a for\u00e7a dos despreocupados que creem na Ressurrei\u00e7\u00e3o do mesmo modo que acreditam que como crian\u00e7a Deus entrou no mundo e irrompeu toda esperan\u00e7a poss\u00edvel, a ponto de o futuro n\u00e3o ser mais capaz de suportar o que lhe sucedeu. \u00c9 exatamente este acontecimento que chamamos de Advento! Algo t\u00e3o grandiosamente inesperado que n\u00e3o coube no futuro comum, e ainda assim era pequeno.<\/p>\n","protected":false},"excerpt":{"rendered":"<p>Dom Lindomar Rocha MotaBispo de S\u00e3o Lu\u00eds de Montes Belos (GO) No Advento esperamos Reino de Deus e o Reino de Deus \u00e9 um evento! Enquanto que as maiores inquietudes dizem respeito ao tempo e a hora em que ele ir\u00e1 acontecer, as mais refinadas se perguntam sobre a forma e o modo de seu<span class=\"read-more arrow\"><a href=\"https:\/\/www.diocesesaoluis.org.br\/home\/2021\/11\/30\/o-que-esperamos-no-advento\/\" title=\"Read More\">&rarr;<\/a><\/span><\/p>\n","protected":false},"author":2,"featured_media":13700,"comment_status":"closed","ping_status":"open","sticky":false,"template":"","format":"standard","meta":{"ub_ctt_via":"","footnotes":""},"categories":[242,6],"tags":[278,244,221],"class_list":{"0":"post-13699","1":"post","2":"type-post","3":"status-publish","4":"format-standard","5":"has-post-thumbnail","7":"category-artigos","8":"category-bispo-diocesano","9":"tag-advento","10":"tag-artigos","11":"tag-dom-lindomar"},"featured_image_src":"https:\/\/www.diocesesaoluis.org.br\/home\/wp-content\/uploads\/2021\/12\/Banners.png","author_info":{"display_name":false,"author_link":"https:\/\/www.diocesesaoluis.org.br\/home\/author\/lucas\/"},"_links":{"self":[{"href":"https:\/\/www.diocesesaoluis.org.br\/home\/wp-json\/wp\/v2\/posts\/13699","targetHints":{"allow":["GET"]}}],"collection":[{"href":"https:\/\/www.diocesesaoluis.org.br\/home\/wp-json\/wp\/v2\/posts"}],"about":[{"href":"https:\/\/www.diocesesaoluis.org.br\/home\/wp-json\/wp\/v2\/types\/post"}],"author":[{"embeddable":true,"href":"https:\/\/www.diocesesaoluis.org.br\/home\/wp-json\/wp\/v2\/users\/2"}],"replies":[{"embeddable":true,"href":"https:\/\/www.diocesesaoluis.org.br\/home\/wp-json\/wp\/v2\/comments?post=13699"}],"version-history":[{"count":1,"href":"https:\/\/www.diocesesaoluis.org.br\/home\/wp-json\/wp\/v2\/posts\/13699\/revisions"}],"predecessor-version":[{"id":13701,"href":"https:\/\/www.diocesesaoluis.org.br\/home\/wp-json\/wp\/v2\/posts\/13699\/revisions\/13701"}],"wp:featuredmedia":[{"embeddable":true,"href":"https:\/\/www.diocesesaoluis.org.br\/home\/wp-json\/wp\/v2\/media\/13700"}],"wp:attachment":[{"href":"https:\/\/www.diocesesaoluis.org.br\/home\/wp-json\/wp\/v2\/media?parent=13699"}],"wp:term":[{"taxonomy":"category","embeddable":true,"href":"https:\/\/www.diocesesaoluis.org.br\/home\/wp-json\/wp\/v2\/categories?post=13699"},{"taxonomy":"post_tag","embeddable":true,"href":"https:\/\/www.diocesesaoluis.org.br\/home\/wp-json\/wp\/v2\/tags?post=13699"}],"curies":[{"name":"wp","href":"https:\/\/api.w.org\/{rel}","templated":true}]}}