{"id":12717,"date":"2021-08-11T11:50:38","date_gmt":"2021-08-11T14:50:38","guid":{"rendered":"https:\/\/www.diocesesaoluis.org.br\/home\/?p=12717"},"modified":"2021-09-27T12:18:54","modified_gmt":"2021-09-27T15:18:54","slug":"confira-as-datas-das-posses-dos-padres-que-assumirao-novas-paroquias","status":"publish","type":"post","link":"https:\/\/www.diocesesaoluis.org.br\/home\/2021\/08\/11\/confira-as-datas-das-posses-dos-padres-que-assumirao-novas-paroquias\/","title":{"rendered":"Confira as datas das posses dos padres que assumir\u00e3o novas Par\u00f3quias"},"content":{"rendered":"\n<p>Durante o m\u00eas de julho, Dom Lindomar Rocha comunicou as transfer\u00eancias a serem realizadas no Clero diocesano. Confira abaixo as datas e hor\u00e1rios das Celebra\u00e7\u00f5es nas quais os padres ser\u00e3o empossados:<\/p>\n\n\n\n<p><strong>Par\u00f3quia N. S. da Imaculada Concei\u00e7\u00e3o, em Ipor\u00e1:<\/strong><br>Posse do p\u00e1roco, Pe. Jos\u00e9 Moreira de Sousa, ser\u00e1 no dia 05 de setembro \u00e0s 9:30h.<\/p>\n\n\n\n<p><strong>Par\u00f3quia Divino Esp\u00edrito Santo, em Caiap\u00f4nia:<\/strong><br>Posse dos p\u00e1rocos solid\u00e1rios, padres Laurito Deliberto e J\u00e2nio Carlos, ser\u00e1 no dia 09 de setembro \u00e0s 19h.<\/p>\n\n\n\n<p><strong>Par\u00f3quia S\u00e3o Greg\u00f3rio Nazianzeno, em Turv\u00e2nia:<\/strong><br>Posse do p\u00e1roco, Pe. Wallison Rodrigues, ser\u00e1 no dia 11 de setembro \u00e0s 19h.<\/p>\n\n\n\n<p><strong>Par\u00f3quia S\u00e3o Sebasti\u00e3o, em Palmeiras de Goi\u00e1s:<\/strong><br>Posse do p\u00e1roco, Pe. Jo\u00e3o Aur\u00e9lio, ser\u00e1 no dia 12 de setembro \u00e0s 9:30h.<\/p>\n\n\n\n<p><strong>Par\u00f3quia Nossa Senhora da Guia, em Firmin\u00f3polis:<\/strong><br>Posse do p\u00e1roco, Pe. Carlos Arantes, ser\u00e1 no dia 12 de setembro \u00e0s 19h.<\/p>\n","protected":false},"excerpt":{"rendered":"<p>Durante o m\u00eas de julho, Dom Lindomar Rocha comunicou as transfer\u00eancias a serem realizadas no Clero diocesano. Confira abaixo as datas e hor\u00e1rios das Celebra\u00e7\u00f5es nas quais os padres ser\u00e3o empossados: Par\u00f3quia N. S. da Imaculada Concei\u00e7\u00e3o, em Ipor\u00e1:Posse do p\u00e1roco, Pe. Jos\u00e9 Moreira de Sousa, ser\u00e1 no dia 05 de setembro \u00e0s 9:30h. Par\u00f3quia<span class=\"read-more arrow\"><a href=\"https:\/\/www.diocesesaoluis.org.br\/home\/2021\/08\/11\/confira-as-datas-das-posses-dos-padres-que-assumirao-novas-paroquias\/\" title=\"Read More\">&rarr;<\/a><\/span><\/p>\n","protected":false},"author":2,"featured_media":12720,"comment_status":"closed","ping_status":"open","sticky":false,"template":"","format":"standard","meta":{"ub_ctt_via":"","footnotes":""},"categories":[3],"tags":[264],"class_list":{"0":"post-12717","1":"post","2":"type-post","3":"status-publish","4":"format-standard","5":"has-post-thumbnail","7":"category-clero","8":"tag-posse-canonica"},"featured_image_src":"https:\/\/www.diocesesaoluis.org.br\/home\/wp-content\/uploads\/2021\/08\/Banners-2.png","author_info":{"display_name":false,"author_link":"https:\/\/www.diocesesaoluis.org.br\/home\/author\/lucas\/"},"_links":{"self":[{"href":"https:\/\/www.diocesesaoluis.org.br\/home\/wp-json\/wp\/v2\/posts\/12717","targetHints":{"allow":["GET"]}}],"collection":[{"href":"https:\/\/www.diocesesaoluis.org.br\/home\/wp-json\/wp\/v2\/posts"}],"about":[{"href":"https:\/\/www.diocesesaoluis.org.br\/home\/wp-json\/wp\/v2\/types\/post"}],"author":[{"embeddable":true,"href":"https:\/\/www.diocesesaoluis.org.br\/home\/wp-json\/wp\/v2\/users\/2"}],"replies":[{"embeddable":true,"href":"https:\/\/www.diocesesaoluis.org.br\/home\/wp-json\/wp\/v2\/comments?post=12717"}],"version-history":[{"count":2,"href":"https:\/\/www.diocesesaoluis.org.br\/home\/wp-json\/wp\/v2\/posts\/12717\/revisions"}],"predecessor-version":[{"id":12719,"href":"https:\/\/www.diocesesaoluis.org.br\/home\/wp-json\/wp\/v2\/posts\/12717\/revisions\/12719"}],"wp:featuredmedia":[{"embeddable":true,"href":"https:\/\/www.diocesesaoluis.org.br\/home\/wp-json\/wp\/v2\/media\/12720"}],"wp:attachment":[{"href":"https:\/\/www.diocesesaoluis.org.br\/home\/wp-json\/wp\/v2\/media?parent=12717"}],"wp:term":[{"taxonomy":"category","embeddable":true,"href":"https:\/\/www.diocesesaoluis.org.br\/home\/wp-json\/wp\/v2\/categories?post=12717"},{"taxonomy":"post_tag","embeddable":true,"href":"https:\/\/www.diocesesaoluis.org.br\/home\/wp-json\/wp\/v2\/tags?post=12717"}],"curies":[{"name":"wp","href":"https:\/\/api.w.org\/{rel}","templated":true}]}}