{"id":12462,"date":"2021-06-30T10:40:47","date_gmt":"2021-06-30T13:40:47","guid":{"rendered":"https:\/\/www.diocesesaoluis.org.br\/home\/?p=12462"},"modified":"2021-07-15T14:44:30","modified_gmt":"2021-07-15T17:44:30","slug":"clero-diocesano-se-reune-de-forma-virtual","status":"publish","type":"post","link":"https:\/\/www.diocesesaoluis.org.br\/home\/2021\/06\/30\/clero-diocesano-se-reune-de-forma-virtual\/","title":{"rendered":"Clero diocesano se re\u00fane de forma virtual"},"content":{"rendered":"\n<p>Na \u00faltima ter\u00e7a-feira (22), o nosso Clero diocesano se reuniu de maneira virtual. A reuni\u00e3o foi conduzida por Dom Lindomar Rocha e tratou de v\u00e1rios assuntos diocesanos. <\/p>\n\n\n\n<figure class=\"wp-block-image size-large\"><img loading=\"lazy\" decoding=\"async\" width=\"1024\" height=\"576\" src=\"https:\/\/www.diocesesaoluis.org.br\/home\/wp-content\/uploads\/2021\/06\/IMG-20210623-WA0004-1024x576.jpg\" alt=\"\" class=\"wp-image-12463\" srcset=\"https:\/\/www.diocesesaoluis.org.br\/home\/wp-content\/uploads\/2021\/06\/IMG-20210623-WA0004-1024x576.jpg 1024w, https:\/\/www.diocesesaoluis.org.br\/home\/wp-content\/uploads\/2021\/06\/IMG-20210623-WA0004-300x169.jpg 300w, https:\/\/www.diocesesaoluis.org.br\/home\/wp-content\/uploads\/2021\/06\/IMG-20210623-WA0004-150x84.jpg 150w, https:\/\/www.diocesesaoluis.org.br\/home\/wp-content\/uploads\/2021\/06\/IMG-20210623-WA0004-359x201.jpg 359w, https:\/\/www.diocesesaoluis.org.br\/home\/wp-content\/uploads\/2021\/06\/IMG-20210623-WA0004.jpg 1280w\" sizes=\"auto, (max-width: 1024px) 100vw, 1024px\" \/><\/figure>\n","protected":false},"excerpt":{"rendered":"<p>Na \u00faltima ter\u00e7a-feira (22), o nosso Clero diocesano se reuniu de maneira virtual. A reuni\u00e3o foi conduzida por Dom Lindomar Rocha e tratou de v\u00e1rios assuntos diocesanos.<\/p>\n","protected":false},"author":2,"featured_media":12463,"comment_status":"closed","ping_status":"open","sticky":false,"template":"","format":"standard","meta":{"ub_ctt_via":"","footnotes":""},"categories":[3],"tags":[89,223],"class_list":{"0":"post-12462","1":"post","2":"type-post","3":"status-publish","4":"format-standard","5":"has-post-thumbnail","7":"category-clero","8":"tag-clero","9":"tag-reuniao"},"featured_image_src":"https:\/\/www.diocesesaoluis.org.br\/home\/wp-content\/uploads\/2021\/06\/IMG-20210623-WA0004.jpg","author_info":{"display_name":false,"author_link":"https:\/\/www.diocesesaoluis.org.br\/home\/author\/lucas\/"},"_links":{"self":[{"href":"https:\/\/www.diocesesaoluis.org.br\/home\/wp-json\/wp\/v2\/posts\/12462","targetHints":{"allow":["GET"]}}],"collection":[{"href":"https:\/\/www.diocesesaoluis.org.br\/home\/wp-json\/wp\/v2\/posts"}],"about":[{"href":"https:\/\/www.diocesesaoluis.org.br\/home\/wp-json\/wp\/v2\/types\/post"}],"author":[{"embeddable":true,"href":"https:\/\/www.diocesesaoluis.org.br\/home\/wp-json\/wp\/v2\/users\/2"}],"replies":[{"embeddable":true,"href":"https:\/\/www.diocesesaoluis.org.br\/home\/wp-json\/wp\/v2\/comments?post=12462"}],"version-history":[{"count":1,"href":"https:\/\/www.diocesesaoluis.org.br\/home\/wp-json\/wp\/v2\/posts\/12462\/revisions"}],"predecessor-version":[{"id":12464,"href":"https:\/\/www.diocesesaoluis.org.br\/home\/wp-json\/wp\/v2\/posts\/12462\/revisions\/12464"}],"wp:featuredmedia":[{"embeddable":true,"href":"https:\/\/www.diocesesaoluis.org.br\/home\/wp-json\/wp\/v2\/media\/12463"}],"wp:attachment":[{"href":"https:\/\/www.diocesesaoluis.org.br\/home\/wp-json\/wp\/v2\/media?parent=12462"}],"wp:term":[{"taxonomy":"category","embeddable":true,"href":"https:\/\/www.diocesesaoluis.org.br\/home\/wp-json\/wp\/v2\/categories?post=12462"},{"taxonomy":"post_tag","embeddable":true,"href":"https:\/\/www.diocesesaoluis.org.br\/home\/wp-json\/wp\/v2\/tags?post=12462"}],"curies":[{"name":"wp","href":"https:\/\/api.w.org\/{rel}","templated":true}]}}