{"id":11853,"date":"2021-04-06T22:38:01","date_gmt":"2021-04-07T01:38:01","guid":{"rendered":"https:\/\/www.diocesesaoluis.org.br\/home\/?p=11853"},"modified":"2021-06-04T22:15:26","modified_gmt":"2021-06-05T01:15:26","slug":"nomeada-a-equipe-de-formacao-dos-seminarios","status":"publish","type":"post","link":"https:\/\/www.diocesesaoluis.org.br\/home\/2021\/04\/06\/nomeada-a-equipe-de-formacao-dos-seminarios\/","title":{"rendered":"Nomeada a Equipe de Forma\u00e7\u00e3o dos Semin\u00e1rios"},"content":{"rendered":"\n<p>Dom Lindomar Rocha nomeou os membros da Equipe de Forma\u00e7\u00e3o dos Semin\u00e1rios M\u00e3e da Santa Esperan\u00e7a e S\u00e3o Lu\u00eds Gonzaga. Os padres que formam a equipe s\u00e3o: Pe. Paulo Ricardo Moreira Vivaldo (reitor do Semin\u00e1rio Maior); Pe. Eduardo Farias de Morais (reitor do Semin\u00e1rio Menor); Pe. Carlos Arantes de Gouvea e Pe. Ozaine Cardoso Vilela.<\/p>\n\n\n\n<p>A miss\u00e3o da equipe ser\u00e1 zelar para o bom processo formativo atrav\u00e9s de reuni\u00f5es permanentes, escuta dos formandos, emiss\u00e3o de pareceres, anima\u00e7\u00e3o vocacional, acompanhamento dos estudos, pr\u00e1tica pastoral e manuten\u00e7\u00e3o dos semin\u00e1rios.<\/p>\n\n\n\n<p><strong>Confira o decreto de nomea\u00e7\u00e3o, <em><a href=\"https:\/\/www.diocesesaoluis.org.br\/home\/wp-content\/uploads\/2021\/04\/EQUIPE-FORMAC\u0327A\u0303O.pdf\" target=\"_blank\" rel=\"noreferrer noopener\">clique aqui<\/a><\/em>.<\/strong><\/p>\n","protected":false},"excerpt":{"rendered":"<p>Dom Lindomar Rocha nomeou os membros da Equipe de Forma\u00e7\u00e3o dos Semin\u00e1rios M\u00e3e da Santa Esperan\u00e7a e S\u00e3o Lu\u00eds Gonzaga. Os padres que formam a equipe s\u00e3o: Pe. Paulo Ricardo Moreira Vivaldo (reitor do Semin\u00e1rio Maior); Pe. Eduardo Farias de Morais (reitor do Semin\u00e1rio Menor); Pe. Carlos Arantes de Gouvea e Pe. Ozaine Cardoso Vilela.<span class=\"read-more arrow\"><a href=\"https:\/\/www.diocesesaoluis.org.br\/home\/2021\/04\/06\/nomeada-a-equipe-de-formacao-dos-seminarios\/\" title=\"Read More\">&rarr;<\/a><\/span><\/p>\n","protected":false},"author":2,"featured_media":11854,"comment_status":"closed","ping_status":"open","sticky":false,"template":"","format":"standard","meta":{"ub_ctt_via":"","footnotes":""},"categories":[224],"tags":[317,214,220],"class_list":{"0":"post-11853","1":"post","2":"type-post","3":"status-publish","4":"format-standard","5":"has-post-thumbnail","7":"category-nomeacoes","8":"tag-equipe-de-formacao","9":"tag-nomeacao","10":"tag-seminario-diocesano"},"featured_image_src":"https:\/\/www.diocesesaoluis.org.br\/home\/wp-content\/uploads\/2021\/04\/Banner-nomeacao.jpg","author_info":{"display_name":false,"author_link":"https:\/\/www.diocesesaoluis.org.br\/home\/author\/lucas\/"},"_links":{"self":[{"href":"https:\/\/www.diocesesaoluis.org.br\/home\/wp-json\/wp\/v2\/posts\/11853","targetHints":{"allow":["GET"]}}],"collection":[{"href":"https:\/\/www.diocesesaoluis.org.br\/home\/wp-json\/wp\/v2\/posts"}],"about":[{"href":"https:\/\/www.diocesesaoluis.org.br\/home\/wp-json\/wp\/v2\/types\/post"}],"author":[{"embeddable":true,"href":"https:\/\/www.diocesesaoluis.org.br\/home\/wp-json\/wp\/v2\/users\/2"}],"replies":[{"embeddable":true,"href":"https:\/\/www.diocesesaoluis.org.br\/home\/wp-json\/wp\/v2\/comments?post=11853"}],"version-history":[{"count":2,"href":"https:\/\/www.diocesesaoluis.org.br\/home\/wp-json\/wp\/v2\/posts\/11853\/revisions"}],"predecessor-version":[{"id":11862,"href":"https:\/\/www.diocesesaoluis.org.br\/home\/wp-json\/wp\/v2\/posts\/11853\/revisions\/11862"}],"wp:featuredmedia":[{"embeddable":true,"href":"https:\/\/www.diocesesaoluis.org.br\/home\/wp-json\/wp\/v2\/media\/11854"}],"wp:attachment":[{"href":"https:\/\/www.diocesesaoluis.org.br\/home\/wp-json\/wp\/v2\/media?parent=11853"}],"wp:term":[{"taxonomy":"category","embeddable":true,"href":"https:\/\/www.diocesesaoluis.org.br\/home\/wp-json\/wp\/v2\/categories?post=11853"},{"taxonomy":"post_tag","embeddable":true,"href":"https:\/\/www.diocesesaoluis.org.br\/home\/wp-json\/wp\/v2\/tags?post=11853"}],"curies":[{"name":"wp","href":"https:\/\/api.w.org\/{rel}","templated":true}]}}