{"id":11840,"date":"2021-04-01T10:30:13","date_gmt":"2021-04-01T13:30:13","guid":{"rendered":"https:\/\/www.diocesesaoluis.org.br\/home\/?p=11840"},"modified":"2021-06-04T22:16:26","modified_gmt":"2021-06-05T01:16:26","slug":"mensagem-de-pascoa-dom-lindomar-rocha","status":"publish","type":"post","link":"https:\/\/www.diocesesaoluis.org.br\/home\/2021\/04\/01\/mensagem-de-pascoa-dom-lindomar-rocha\/","title":{"rendered":"Mensagem de P\u00e1scoa &#8211; Dom Lindomar Rocha"},"content":{"rendered":"\n<p>Ao iniciarmos o Tr\u00edduo Pascal, Dom Lindomar Rocha, bispo diocesano, envia uma mensagem a toda Diocese para bem viver as Celebra\u00e7\u00f5es da Paix\u00e3o, Morte e Ressurrei\u00e7\u00e3o de Jesus.<\/p>\n\n\n\n<figure class=\"wp-block-embed-youtube aligncenter wp-block-embed is-type-video is-provider-youtube wp-embed-aspect-16-9 wp-has-aspect-ratio\"><div class=\"wp-block-embed__wrapper\">\n<iframe loading=\"lazy\" title=\"Mensagem de P\u00e1scoa - Dom Lindomar Rocha\" width=\"740\" height=\"416\" src=\"https:\/\/www.youtube.com\/embed\/Uawu8P_LTGU?feature=oembed\" frameborder=\"0\" allow=\"accelerometer; autoplay; clipboard-write; encrypted-media; gyroscope; picture-in-picture\" allowfullscreen><\/iframe>\n<\/div><\/figure>\n","protected":false},"excerpt":{"rendered":"<p>Ao iniciarmos o Tr\u00edduo Pascal, Dom Lindomar Rocha, bispo diocesano, envia uma mensagem a toda Diocese para bem viver as Celebra\u00e7\u00f5es da Paix\u00e3o, Morte e Ressurrei\u00e7\u00e3o de Jesus.<\/p>\n","protected":false},"author":2,"featured_media":11842,"comment_status":"closed","ping_status":"open","sticky":false,"template":"","format":"video","meta":{"ub_ctt_via":"","footnotes":""},"categories":[6,10],"tags":[286,315,208],"class_list":{"0":"post-11840","1":"post","2":"type-post","3":"status-publish","4":"format-video","5":"has-post-thumbnail","7":"category-bispo-diocesano","8":"category-mensagens-videos","9":"tag-mensagem","10":"tag-pascoa","11":"tag-semana-santa","12":"post_format-post-format-video"},"featured_image_src":"https:\/\/www.diocesesaoluis.org.br\/home\/wp-content\/uploads\/2021\/04\/pascoa.jpg","author_info":{"display_name":false,"author_link":"https:\/\/www.diocesesaoluis.org.br\/home\/author\/lucas\/"},"_links":{"self":[{"href":"https:\/\/www.diocesesaoluis.org.br\/home\/wp-json\/wp\/v2\/posts\/11840","targetHints":{"allow":["GET"]}}],"collection":[{"href":"https:\/\/www.diocesesaoluis.org.br\/home\/wp-json\/wp\/v2\/posts"}],"about":[{"href":"https:\/\/www.diocesesaoluis.org.br\/home\/wp-json\/wp\/v2\/types\/post"}],"author":[{"embeddable":true,"href":"https:\/\/www.diocesesaoluis.org.br\/home\/wp-json\/wp\/v2\/users\/2"}],"replies":[{"embeddable":true,"href":"https:\/\/www.diocesesaoluis.org.br\/home\/wp-json\/wp\/v2\/comments?post=11840"}],"version-history":[{"count":2,"href":"https:\/\/www.diocesesaoluis.org.br\/home\/wp-json\/wp\/v2\/posts\/11840\/revisions"}],"predecessor-version":[{"id":11843,"href":"https:\/\/www.diocesesaoluis.org.br\/home\/wp-json\/wp\/v2\/posts\/11840\/revisions\/11843"}],"wp:featuredmedia":[{"embeddable":true,"href":"https:\/\/www.diocesesaoluis.org.br\/home\/wp-json\/wp\/v2\/media\/11842"}],"wp:attachment":[{"href":"https:\/\/www.diocesesaoluis.org.br\/home\/wp-json\/wp\/v2\/media?parent=11840"}],"wp:term":[{"taxonomy":"category","embeddable":true,"href":"https:\/\/www.diocesesaoluis.org.br\/home\/wp-json\/wp\/v2\/categories?post=11840"},{"taxonomy":"post_tag","embeddable":true,"href":"https:\/\/www.diocesesaoluis.org.br\/home\/wp-json\/wp\/v2\/tags?post=11840"}],"curies":[{"name":"wp","href":"https:\/\/api.w.org\/{rel}","templated":true}]}}