{"id":11778,"date":"2021-03-16T21:09:12","date_gmt":"2021-03-17T00:09:12","guid":{"rendered":"https:\/\/www.diocesesaoluis.org.br\/home\/?p=11778"},"modified":"2021-04-06T22:39:11","modified_gmt":"2021-04-07T01:39:11","slug":"dom-lindomar-rocha-celebra-1-aniversario-de-ordenacao-episcopal","status":"publish","type":"post","link":"https:\/\/www.diocesesaoluis.org.br\/home\/2021\/03\/16\/dom-lindomar-rocha-celebra-1-aniversario-de-ordenacao-episcopal\/","title":{"rendered":"Dom Lindomar Rocha celebra 1\u00b0 anivers\u00e1rio de Ordena\u00e7\u00e3o Episcopal"},"content":{"rendered":"\n<p>No dia 14 de mar\u00e7o de 2021, a Diocese de S\u00e3o Lu\u00eds de Montes Belos muito se alegrou com a comemora\u00e7\u00e3o do primeiro ano de minist\u00e9rio episcopal de Dom Lindomar Rocha, quarto bispo diocesano. Para marcar as celebra\u00e7\u00f5es desse dia, Dom Lindomar presidiu duas Missas: uma, pela manh\u00e3, na Capela Sant&#8217;Ana, em Claudin\u00e1polis, e outra, \u00e0 noite, na Par\u00f3quia Santo Ant\u00f4nio, em Jaupaci.<\/p>\n\n\n\n<p>Dom Lindomar \u00e9 natural de Arataca, Bahia, e foi ordenado sacerdote em 26 de julho de 1998, na Igreja Santa Maria della Perseveranza, Roma. Sua Ordena\u00e7\u00e3o Episcopal aconteceu na Bas\u00edlica de S\u00e3o Geraldo, Curvelo-MG, em 14 de mar\u00e7o de 2020 com o lema: <em>Gratia et Pax Multiplicetur, <\/em>Gra\u00e7a e Paz abundantemente (2Pd 1,2). Sua nomea\u00e7\u00e3o para a Diocese de S\u00e3o Lu\u00eds de Montes Belos aconteceu no dia 22 de janeiro de 2020 e tomou posse em 16 de maio de 2020.<\/p>\n\n\n\n<p>O minist\u00e9rio sacerdotal de Dom Lindomar foi exercido na Arquidiocese de Diamantina. Al\u00e9m disso, empenhou-se muito na vida intelectual: possui mestrado em teologia pelo <em>Teresianum,<\/em> mestrado em hist\u00f3ria da filosofia antiga, doutorado em filosofia moderna pela Universidade Gregoriana e p\u00f3s-doutorado em Democracia e Direitos Humanos pelo <em>Ius Gentium Conimbrigae<\/em> de Coimbra.<\/p>\n\n\n\n<p>O documento do Conc\u00edlio Vaticano II, <em>Lumen gentium 21, <\/em>nos ensina que a consagra\u00e7\u00e3o episcopal vem para\u00a0 santificar, ensinar e governar, os quais s\u00e3o exercidos em comunh\u00e3o hier\u00e1rquica com a cabe\u00e7a e os membros do col\u00e9gio episcopal. Mostra-se pela tradi\u00e7\u00e3o, manifestada sobretudo nos ritos lit\u00fargicos da Igreja tanto ocidental como oriental, que a gra\u00e7a do Esp\u00edrito Santo \u00e9 conferida pela imposi\u00e7\u00e3o das m\u00e3os e pelas palavras da consagra\u00e7\u00e3o, e o car\u00e1cter sagrado \u00e9 impresso de tal modo que os Bispos representam de forma eminente o pr\u00f3prio Cristo, mestre, pastor e pont\u00edfice, e atuam em vez d&#8217;Ele. Pertence aos Bispos assumir novos eleitos no corpo episcopal por meio do sacramento da Ordem.<\/p>\n\n\n<div style=\"min-height: 325px;; \" class=\"ub_image_slider swiper-container wp-block-ub-image-slider\" id=\"ub_image_slider_4542ae3c-9c57-4c40-a2a6-701b84d9d4f3\" data-swiper-data='{\"speed\":300,\"spaceBetween\":20,\"slidesPerView\":1,\"loop\":true,\"pagination\":{\"el\": \".swiper-pagination\" , \"type\": \"bullets\", \"clickable\":true},\"navigation\": {\"nextEl\": \".swiper-button-next\", \"prevEl\": \".swiper-button-prev\"}, \"keyboard\": { \"enabled\": true }, \"effect\": \"slide\",\"simulateTouch\":false}'>\n            <div class=\"swiper-wrapper\"><figure class=\"swiper-slide\">\n                <img decoding=\"async\" src=\"https:\/\/www.diocesesaoluis.org.br\/home\/wp-content\/uploads\/2021\/03\/IMG-20210315-WA0026.jpg\" alt=\"\" style=\"height: 290px;; \">\n                <figcaption class=\"ub_image_slider_image_caption\"><\/figcaption>\n            <\/figure><figure class=\"swiper-slide\">\n                <img decoding=\"async\" src=\"https:\/\/www.diocesesaoluis.org.br\/home\/wp-content\/uploads\/2021\/03\/IMG-20210315-WA0025.jpg\" alt=\"\" style=\"height: 290px;; \">\n                <figcaption class=\"ub_image_slider_image_caption\"><\/figcaption>\n            <\/figure><figure class=\"swiper-slide\">\n                <img decoding=\"async\" src=\"https:\/\/www.diocesesaoluis.org.br\/home\/wp-content\/uploads\/2021\/03\/IMG-20210315-WA0024.jpg\" alt=\"\" style=\"height: 290px;; \">\n                <figcaption class=\"ub_image_slider_image_caption\"><\/figcaption>\n            <\/figure><figure class=\"swiper-slide\">\n                <img decoding=\"async\" src=\"https:\/\/www.diocesesaoluis.org.br\/home\/wp-content\/uploads\/2021\/03\/IMG-20210315-WA0023.jpg\" alt=\"\" style=\"height: 290px;; \">\n                <figcaption class=\"ub_image_slider_image_caption\"><\/figcaption>\n            <\/figure><figure class=\"swiper-slide\">\n                <img decoding=\"async\" src=\"https:\/\/www.diocesesaoluis.org.br\/home\/wp-content\/uploads\/2021\/03\/IMG-20210315-WA0022.jpg\" alt=\"\" style=\"height: 290px;; \">\n                <figcaption class=\"ub_image_slider_image_caption\"><\/figcaption>\n            <\/figure><figure class=\"swiper-slide\">\n                <img decoding=\"async\" src=\"https:\/\/www.diocesesaoluis.org.br\/home\/wp-content\/uploads\/2021\/03\/IMG-20210315-WA0021.jpg\" alt=\"\" style=\"height: 290px;; \">\n                <figcaption class=\"ub_image_slider_image_caption\"><\/figcaption>\n            <\/figure><figure class=\"swiper-slide\">\n                <img decoding=\"async\" src=\"https:\/\/www.diocesesaoluis.org.br\/home\/wp-content\/uploads\/2021\/03\/IMG-20210315-WA0020.jpg\" alt=\"\" style=\"height: 290px;; \">\n                <figcaption class=\"ub_image_slider_image_caption\"><\/figcaption>\n            <\/figure><figure class=\"swiper-slide\">\n                <img decoding=\"async\" src=\"https:\/\/www.diocesesaoluis.org.br\/home\/wp-content\/uploads\/2021\/03\/IMG-20210315-WA0027.jpg\" alt=\"\" style=\"height: 290px;; \">\n                <figcaption class=\"ub_image_slider_image_caption\"><\/figcaption>\n            <\/figure><figure class=\"swiper-slide\">\n                <img decoding=\"async\" src=\"https:\/\/www.diocesesaoluis.org.br\/home\/wp-content\/uploads\/2021\/03\/IMG-20210316-WA0014.jpg\" alt=\"\" style=\"height: 290px;; \">\n                <figcaption class=\"ub_image_slider_image_caption\"><\/figcaption>\n            <\/figure><figure class=\"swiper-slide\">\n                <img decoding=\"async\" src=\"https:\/\/www.diocesesaoluis.org.br\/home\/wp-content\/uploads\/2021\/03\/IMG-20210316-WA0009.jpg\" alt=\"\" style=\"height: 290px;; \">\n                <figcaption class=\"ub_image_slider_image_caption\"><\/figcaption>\n            <\/figure><figure class=\"swiper-slide\">\n                <img decoding=\"async\" src=\"https:\/\/www.diocesesaoluis.org.br\/home\/wp-content\/uploads\/2021\/03\/IMG-20210316-WA0013.jpg\" alt=\"\" style=\"height: 290px;; \">\n                <figcaption class=\"ub_image_slider_image_caption\"><\/figcaption>\n            <\/figure><figure class=\"swiper-slide\">\n                <img decoding=\"async\" src=\"https:\/\/www.diocesesaoluis.org.br\/home\/wp-content\/uploads\/2021\/03\/IMG-20210316-WA0015.jpg\" alt=\"\" style=\"height: 290px;; \">\n                <figcaption class=\"ub_image_slider_image_caption\"><\/figcaption>\n            <\/figure><figure class=\"swiper-slide\">\n                <img decoding=\"async\" src=\"https:\/\/www.diocesesaoluis.org.br\/home\/wp-content\/uploads\/2021\/03\/IMG-20210316-WA0011.jpg\" alt=\"\" style=\"height: 290px;; \">\n                <figcaption class=\"ub_image_slider_image_caption\"><\/figcaption>\n            <\/figure><figure class=\"swiper-slide\">\n                <img decoding=\"async\" src=\"https:\/\/www.diocesesaoluis.org.br\/home\/wp-content\/uploads\/2021\/03\/IMG-20210316-WA0007.jpg\" alt=\"\" style=\"height: 290px;; \">\n                <figcaption class=\"ub_image_slider_image_caption\"><\/figcaption>\n            <\/figure><figure class=\"swiper-slide\">\n                <img decoding=\"async\" src=\"https:\/\/www.diocesesaoluis.org.br\/home\/wp-content\/uploads\/2021\/03\/IMG-20210316-WA0016.jpg\" alt=\"\" style=\"height: 290px;; \">\n                <figcaption class=\"ub_image_slider_image_caption\"><\/figcaption>\n            <\/figure><figure class=\"swiper-slide\">\n                <img decoding=\"async\" src=\"https:\/\/www.diocesesaoluis.org.br\/home\/wp-content\/uploads\/2021\/03\/IMG-20210316-WA0017.jpg\" alt=\"\" style=\"height: 290px;; \">\n                <figcaption class=\"ub_image_slider_image_caption\"><\/figcaption>\n            <\/figure><figure class=\"swiper-slide\">\n                <img decoding=\"async\" src=\"https:\/\/www.diocesesaoluis.org.br\/home\/wp-content\/uploads\/2021\/03\/IMG-20210316-WA0004-1.jpg\" alt=\"\" style=\"height: 290px;; \">\n                <figcaption class=\"ub_image_slider_image_caption\"><\/figcaption>\n            <\/figure><figure class=\"swiper-slide\">\n                <img decoding=\"async\" src=\"https:\/\/www.diocesesaoluis.org.br\/home\/wp-content\/uploads\/2021\/03\/IMG-20210316-WA0010.jpg\" alt=\"\" style=\"height: 290px;; \">\n                <figcaption class=\"ub_image_slider_image_caption\"><\/figcaption>\n            <\/figure><figure class=\"swiper-slide\">\n                <img decoding=\"async\" src=\"https:\/\/www.diocesesaoluis.org.br\/home\/wp-content\/uploads\/2021\/03\/IMG-20210316-WA0003.jpg\" alt=\"\" style=\"height: 290px;; \">\n                <figcaption class=\"ub_image_slider_image_caption\"><\/figcaption>\n            <\/figure><figure class=\"swiper-slide\">\n                <img decoding=\"async\" src=\"https:\/\/www.diocesesaoluis.org.br\/home\/wp-content\/uploads\/2021\/03\/IMG-20210316-WA0005.jpg\" alt=\"\" style=\"height: 290px;; \">\n                <figcaption class=\"ub_image_slider_image_caption\"><\/figcaption>\n            <\/figure><figure class=\"swiper-slide\">\n                <img decoding=\"async\" src=\"https:\/\/www.diocesesaoluis.org.br\/home\/wp-content\/uploads\/2021\/03\/IMG-20210316-WA0002.jpg\" alt=\"\" style=\"height: 290px;; \">\n                <figcaption class=\"ub_image_slider_image_caption\"><\/figcaption>\n            <\/figure><figure class=\"swiper-slide\">\n                <img decoding=\"async\" src=\"https:\/\/www.diocesesaoluis.org.br\/home\/wp-content\/uploads\/2021\/03\/IMG-20210316-WA0018.jpg\" alt=\"\" style=\"height: 290px;; \">\n                <figcaption class=\"ub_image_slider_image_caption\"><\/figcaption>\n            <\/figure><\/div>\n            <div class=\"swiper-pagination\"><\/div>\n            <div class=\"swiper-button-prev\"><\/div> <div class=\"swiper-button-next\"><\/div>\n        <\/div>","protected":false},"excerpt":{"rendered":"<p>No dia 14 de mar\u00e7o de 2021, a Diocese de S\u00e3o Lu\u00eds de Montes Belos muito se alegrou com a comemora\u00e7\u00e3o do primeiro ano de minist\u00e9rio episcopal de Dom Lindomar Rocha, quarto bispo diocesano. Para marcar as celebra\u00e7\u00f5es desse dia, Dom Lindomar presidiu duas Missas: uma, pela manh\u00e3, na Capela Sant&#8217;Ana, em Claudin\u00e1polis, e outra,<span class=\"read-more arrow\"><a href=\"https:\/\/www.diocesesaoluis.org.br\/home\/2021\/03\/16\/dom-lindomar-rocha-celebra-1-aniversario-de-ordenacao-episcopal\/\" title=\"Read More\">&rarr;<\/a><\/span><\/p>\n","protected":false},"author":2,"featured_media":11755,"comment_status":"closed","ping_status":"open","sticky":false,"template":"","format":"standard","meta":{"ub_ctt_via":"","footnotes":""},"categories":[6,2],"tags":[221,311],"class_list":{"0":"post-11778","1":"post","2":"type-post","3":"status-publish","4":"format-standard","5":"has-post-thumbnail","7":"category-bispo-diocesano","8":"category-pascom","9":"tag-dom-lindomar","10":"tag-ordenacao-episcopal"},"featured_image_src":"https:\/\/www.diocesesaoluis.org.br\/home\/wp-content\/uploads\/2021\/03\/IMG-20210315-WA0023.jpg","author_info":{"display_name":false,"author_link":"https:\/\/www.diocesesaoluis.org.br\/home\/author\/lucas\/"},"_links":{"self":[{"href":"https:\/\/www.diocesesaoluis.org.br\/home\/wp-json\/wp\/v2\/posts\/11778","targetHints":{"allow":["GET"]}}],"collection":[{"href":"https:\/\/www.diocesesaoluis.org.br\/home\/wp-json\/wp\/v2\/posts"}],"about":[{"href":"https:\/\/www.diocesesaoluis.org.br\/home\/wp-json\/wp\/v2\/types\/post"}],"author":[{"embeddable":true,"href":"https:\/\/www.diocesesaoluis.org.br\/home\/wp-json\/wp\/v2\/users\/2"}],"replies":[{"embeddable":true,"href":"https:\/\/www.diocesesaoluis.org.br\/home\/wp-json\/wp\/v2\/comments?post=11778"}],"version-history":[{"count":2,"href":"https:\/\/www.diocesesaoluis.org.br\/home\/wp-json\/wp\/v2\/posts\/11778\/revisions"}],"predecessor-version":[{"id":11780,"href":"https:\/\/www.diocesesaoluis.org.br\/home\/wp-json\/wp\/v2\/posts\/11778\/revisions\/11780"}],"wp:featuredmedia":[{"embeddable":true,"href":"https:\/\/www.diocesesaoluis.org.br\/home\/wp-json\/wp\/v2\/media\/11755"}],"wp:attachment":[{"href":"https:\/\/www.diocesesaoluis.org.br\/home\/wp-json\/wp\/v2\/media?parent=11778"}],"wp:term":[{"taxonomy":"category","embeddable":true,"href":"https:\/\/www.diocesesaoluis.org.br\/home\/wp-json\/wp\/v2\/categories?post=11778"},{"taxonomy":"post_tag","embeddable":true,"href":"https:\/\/www.diocesesaoluis.org.br\/home\/wp-json\/wp\/v2\/tags?post=11778"}],"curies":[{"name":"wp","href":"https:\/\/api.w.org\/{rel}","templated":true}]}}