{"id":11574,"date":"2021-03-01T21:10:41","date_gmt":"2021-03-02T00:10:41","guid":{"rendered":"https:\/\/www.diocesesaoluis.org.br\/home\/?p=11574"},"modified":"2021-06-04T22:17:45","modified_gmt":"2021-06-05T01:17:45","slug":"dom-lindomar-nomeia-vigario-foraneo-para-a-forania-sao-luis-gonzaga","status":"publish","type":"post","link":"https:\/\/www.diocesesaoluis.org.br\/home\/2021\/03\/01\/dom-lindomar-nomeia-vigario-foraneo-para-a-forania-sao-luis-gonzaga\/","title":{"rendered":"Dom Lindomar nomeia Vig\u00e1rio For\u00e2neo para a Forania S\u00e3o Lu\u00eds Gonzaga"},"content":{"rendered":"\n<p>Ap\u00f3s a ren\u00fancia da fun\u00e7\u00e3o de Vig\u00e1rio For\u00e2neo pelo pe. Ozaine Cardoso Vilela, nomeado Vig\u00e1rio Geral da Diocese, o pe. M\u00e1rcio Jean, segundo na vota\u00e7\u00e3o dos presb\u00edteros, assume agora, como Vig\u00e1rio For\u00e2neo da Forania S\u00e3o Lu\u00eds Gonzaga.<\/p>\n\n\n\n<p>Conforme indica o c\u00e2non 555 \u00a7 1, o Vig\u00e1rio For\u00e2neo sendo o presb\u00edtero colocado \u00e0 frente de um vicariato For\u00e2neo, tem o dever de:<\/p>\n\n\n\n<ol class=\"wp-block-list\"><li>Promover e coordenar a atividade pastoral comum na Forania;<\/li><li>Velar para que os cl\u00e9rigos de sua circunscri\u00e7\u00e3o levem vida coerente com o pr\u00f3prio estado e cumpram diligentemente seus deveres;<\/li><li>Assegurar que se celebrem as fun\u00e7\u00f5es religiosas de acordo com as prescri\u00e7\u00f5es da sagrada liturgia, que se conserve diligentemente o decoro e o esplendor das igrejas e das alfaias sagradas, principalmente na celebra\u00e7\u00e3o eucar\u00edstica e na conserva\u00e7\u00e3o do Sant\u00edssimo Sacramento, que se escrevam exatamente e se guardem devidamente os livros paroquiais, que se administrem cuidadosamente os bens eclesi\u00e1sticos e se cuide da casa paroquial com a devida dilig\u00eancia.<\/li><\/ol>\n\n\n\n<p>Veja o <strong><a href=\"https:\/\/www.diocesesaoluis.org.br\/home\/wp-content\/uploads\/2021\/03\/DECRETO-PE-MARCIO-JEAN.pdf\" target=\"_blank\" rel=\"noreferrer noopener\">Decreto de nomea\u00e7\u00e3o do Pe. M\u00e1rcio Jean<\/a><\/strong><\/p>\n","protected":false},"excerpt":{"rendered":"<p>Ap\u00f3s a ren\u00fancia da fun\u00e7\u00e3o de Vig\u00e1rio For\u00e2neo pelo pe. Ozaine Cardoso Vilela, nomeado Vig\u00e1rio Geral da Diocese, o pe. M\u00e1rcio Jean, segundo na vota\u00e7\u00e3o dos presb\u00edteros, assume agora, como Vig\u00e1rio For\u00e2neo da Forania S\u00e3o Lu\u00eds Gonzaga. Conforme indica o c\u00e2non 555 \u00a7 1, o Vig\u00e1rio For\u00e2neo sendo o presb\u00edtero colocado \u00e0 frente de um<span class=\"read-more arrow\"><a href=\"https:\/\/www.diocesesaoluis.org.br\/home\/2021\/03\/01\/dom-lindomar-nomeia-vigario-foraneo-para-a-forania-sao-luis-gonzaga\/\" title=\"Read More\">&rarr;<\/a><\/span><\/p>\n","protected":false},"author":2,"featured_media":11576,"comment_status":"closed","ping_status":"open","sticky":false,"template":"","format":"standard","meta":{"ub_ctt_via":"","footnotes":""},"categories":[6,224],"tags":[310,214,309],"class_list":{"0":"post-11574","1":"post","2":"type-post","3":"status-publish","4":"format-standard","5":"has-post-thumbnail","7":"category-bispo-diocesano","8":"category-nomeacoes","9":"tag-forania-sao-luis-gonzaga","10":"tag-nomeacao","11":"tag-vigario-foraneo"},"featured_image_src":"https:\/\/www.diocesesaoluis.org.br\/home\/wp-content\/uploads\/2021\/03\/nomeacao.jpg","author_info":{"display_name":false,"author_link":"https:\/\/www.diocesesaoluis.org.br\/home\/author\/lucas\/"},"_links":{"self":[{"href":"https:\/\/www.diocesesaoluis.org.br\/home\/wp-json\/wp\/v2\/posts\/11574","targetHints":{"allow":["GET"]}}],"collection":[{"href":"https:\/\/www.diocesesaoluis.org.br\/home\/wp-json\/wp\/v2\/posts"}],"about":[{"href":"https:\/\/www.diocesesaoluis.org.br\/home\/wp-json\/wp\/v2\/types\/post"}],"author":[{"embeddable":true,"href":"https:\/\/www.diocesesaoluis.org.br\/home\/wp-json\/wp\/v2\/users\/2"}],"replies":[{"embeddable":true,"href":"https:\/\/www.diocesesaoluis.org.br\/home\/wp-json\/wp\/v2\/comments?post=11574"}],"version-history":[{"count":1,"href":"https:\/\/www.diocesesaoluis.org.br\/home\/wp-json\/wp\/v2\/posts\/11574\/revisions"}],"predecessor-version":[{"id":11575,"href":"https:\/\/www.diocesesaoluis.org.br\/home\/wp-json\/wp\/v2\/posts\/11574\/revisions\/11575"}],"wp:featuredmedia":[{"embeddable":true,"href":"https:\/\/www.diocesesaoluis.org.br\/home\/wp-json\/wp\/v2\/media\/11576"}],"wp:attachment":[{"href":"https:\/\/www.diocesesaoluis.org.br\/home\/wp-json\/wp\/v2\/media?parent=11574"}],"wp:term":[{"taxonomy":"category","embeddable":true,"href":"https:\/\/www.diocesesaoluis.org.br\/home\/wp-json\/wp\/v2\/categories?post=11574"},{"taxonomy":"post_tag","embeddable":true,"href":"https:\/\/www.diocesesaoluis.org.br\/home\/wp-json\/wp\/v2\/tags?post=11574"}],"curies":[{"name":"wp","href":"https:\/\/api.w.org\/{rel}","templated":true}]}}