{"id":11525,"date":"2021-03-01T21:16:26","date_gmt":"2021-03-02T00:16:26","guid":{"rendered":"https:\/\/www.diocesesaoluis.org.br\/home\/?p=11525"},"modified":"2021-04-01T11:21:10","modified_gmt":"2021-04-01T14:21:10","slug":"tempo-da-quaresma","status":"publish","type":"post","link":"https:\/\/www.diocesesaoluis.org.br\/home\/2021\/03\/01\/tempo-da-quaresma\/","title":{"rendered":"Tempo da Quaresma"},"content":{"rendered":"\n<p>Com a quarta-feira de cinzas, iniciamos o per\u00edodo da Quaresma. Em todos os anos, o Papa Francisco envia uma mensagem para bem viver este per\u00edodo de ora\u00e7\u00e3o e convers\u00e3o. A mensagem do Papa Francisco para a Quaresma deste ano&nbsp;tem como tema \u201cVamos subir a Jerusal\u00e9m. Quaresma: tempo para renovar f\u00e9, esperan\u00e7a e caridade\u201d.<\/p>\n\n\n\n<p>Nela, o Pont\u00edfice convida a renovar a nossa f\u00e9, \u201cneste tempo de convers\u00e3o\u201d, a obter \u201ca \u00ab\u00e1gua viva\u00bb da esperan\u00e7a\u201d e receber \u201ccom o cora\u00e7\u00e3o aberto o amor de Deus que nos transforma em irm\u00e3os e irm\u00e3s em Cristo\u201d. Francisco recorda que \u201cna noite de P\u00e1scoa, renovaremos as promessas do nosso Batismo, para renascer como mulheres e homens novos por obra e gra\u00e7a do Esp\u00edrito Santo. Entretanto o itiner\u00e1rio da Quaresma, como ali\u00e1s todo o caminho crist\u00e3o, j\u00e1 est\u00e1 inteiramente sob a luz da Ressurrei\u00e7\u00e3o que anima os sentimentos, atitudes e op\u00e7\u00f5es de quem deseja seguir a Cristo\u201d.<\/p>\n\n\n\n<p>Confira a mensagem na \u00edntegra, <a href=\"http:\/\/www.vatican.va\/content\/francesco\/pt\/messages\/lent\/documents\/papa-francesco_20201111_messaggio-quaresima2021.html\" target=\"_blank\" rel=\"noreferrer noopener\"><strong>clique aqui.<\/strong><\/a><\/p>\n","protected":false},"excerpt":{"rendered":"<p>Com a quarta-feira de cinzas, iniciamos o per\u00edodo da Quaresma. Em todos os anos, o Papa Francisco envia uma mensagem para bem viver este per\u00edodo de ora\u00e7\u00e3o e convers\u00e3o. A mensagem do Papa Francisco para a Quaresma deste ano&nbsp;tem como tema \u201cVamos subir a Jerusal\u00e9m. Quaresma: tempo para renovar f\u00e9, esperan\u00e7a e caridade\u201d. Nela, o<span class=\"read-more arrow\"><a href=\"https:\/\/www.diocesesaoluis.org.br\/home\/2021\/03\/01\/tempo-da-quaresma\/\" title=\"Read More\">&rarr;<\/a><\/span><\/p>\n","protected":false},"author":2,"featured_media":11528,"comment_status":"closed","ping_status":"open","sticky":false,"template":"","format":"standard","meta":{"ub_ctt_via":"","footnotes":""},"categories":[2],"tags":[254,307],"class_list":{"0":"post-11525","1":"post","2":"type-post","3":"status-publish","4":"format-standard","5":"has-post-thumbnail","7":"category-pascom","8":"tag-papa-francisco","9":"tag-quaresma"},"featured_image_src":"https:\/\/www.diocesesaoluis.org.br\/home\/wp-content\/uploads\/2021\/02\/Quaresma-1.jpg","author_info":{"display_name":false,"author_link":"https:\/\/www.diocesesaoluis.org.br\/home\/author\/lucas\/"},"_links":{"self":[{"href":"https:\/\/www.diocesesaoluis.org.br\/home\/wp-json\/wp\/v2\/posts\/11525","targetHints":{"allow":["GET"]}}],"collection":[{"href":"https:\/\/www.diocesesaoluis.org.br\/home\/wp-json\/wp\/v2\/posts"}],"about":[{"href":"https:\/\/www.diocesesaoluis.org.br\/home\/wp-json\/wp\/v2\/types\/post"}],"author":[{"embeddable":true,"href":"https:\/\/www.diocesesaoluis.org.br\/home\/wp-json\/wp\/v2\/users\/2"}],"replies":[{"embeddable":true,"href":"https:\/\/www.diocesesaoluis.org.br\/home\/wp-json\/wp\/v2\/comments?post=11525"}],"version-history":[{"count":2,"href":"https:\/\/www.diocesesaoluis.org.br\/home\/wp-json\/wp\/v2\/posts\/11525\/revisions"}],"predecessor-version":[{"id":11529,"href":"https:\/\/www.diocesesaoluis.org.br\/home\/wp-json\/wp\/v2\/posts\/11525\/revisions\/11529"}],"wp:featuredmedia":[{"embeddable":true,"href":"https:\/\/www.diocesesaoluis.org.br\/home\/wp-json\/wp\/v2\/media\/11528"}],"wp:attachment":[{"href":"https:\/\/www.diocesesaoluis.org.br\/home\/wp-json\/wp\/v2\/media?parent=11525"}],"wp:term":[{"taxonomy":"category","embeddable":true,"href":"https:\/\/www.diocesesaoluis.org.br\/home\/wp-json\/wp\/v2\/categories?post=11525"},{"taxonomy":"post_tag","embeddable":true,"href":"https:\/\/www.diocesesaoluis.org.br\/home\/wp-json\/wp\/v2\/tags?post=11525"}],"curies":[{"name":"wp","href":"https:\/\/api.w.org\/{rel}","templated":true}]}}