{"id":11516,"date":"2021-02-17T10:30:30","date_gmt":"2021-02-17T13:30:30","guid":{"rendered":"https:\/\/www.diocesesaoluis.org.br\/home\/?p=11516"},"modified":"2021-03-06T16:16:32","modified_gmt":"2021-03-06T19:16:32","slug":"clarificando-o-plano-diocesano-de-pastoral","status":"publish","type":"post","link":"https:\/\/www.diocesesaoluis.org.br\/home\/2021\/02\/17\/clarificando-o-plano-diocesano-de-pastoral\/","title":{"rendered":"Clarificando o Plano Diocesano de Pastoral"},"content":{"rendered":"\n<p>A concretiza\u00e7\u00e3o do IV Plano Diocesano de Pastoral da Diocese de S\u00e3o Lu\u00eds de Montes Belos, a sua operacionaliza\u00e7\u00e3o, nos moldes de aplicabilidade na realidade concreta de nossas par\u00f3quias, comunidades, pastorais, movimentos e organismos em vista de uma evangeliza\u00e7\u00e3o que nos leve cada vez mais a \u201cDar raz\u00e3o de nossa Esperan\u00e7a\u201d, de forma madura, e, em comunh\u00e3o e participa\u00e7\u00e3o, tem seu ponto de partida na viv\u00eancia real da Palavra, do P\u00e3o, da Caridade e da Miss\u00e3o, na constru\u00e7\u00e3o de uma Igreja toda vocacionada e mission\u00e1ria: descobrir, seguir e anunciar o Cristo, uma vez que Ele \u00e9 nossa Esperan\u00e7a.<br><br>O modelo de Projeto de Pastoral que estamos concretizando parte da realidade de nossas comunidades, isto \u00e9, nasce de baixo para cima (das assembleias paroquiais e diocesana), uma vez que \u00e9 l\u00e1 na par\u00f3quia que este Projeto ganha corpo e se torna vis\u00edvel em todas as inst\u00e2ncias for\u00e2nicas e Diocesanas atrav\u00e9s da representa\u00e7\u00e3o de seus membros. Portanto, objetivamente, como fica esta organiza\u00e7\u00e3o?<br><br>Vamos partir das tr\u00eas linhas de a\u00e7\u00e3o: Inicia\u00e7\u00e3o \u00e0 Vida Crist\u00e3 (IVC), Vida e<br>Comunidade (VeC) e Caridade e Miss\u00e3o (CeM).<br><br>I &#8211; Cada linha de a\u00e7\u00e3o \u00e9 composta de um grupo de pastorais e movimentos:<\/p>\n\n\n\n<ol class=\"wp-block-list\"><li><strong>Inicia\u00e7\u00e3o \u00e0 Vida Crist\u00e3 (IVC):<\/strong> Pastorais estruturais (toda par\u00f3quia deve ter): Pastoral Catequ\u00e9tica, Pastoral Familiar, Pastoral Lit\u00fargica. Demais pastorais desta linha de a\u00e7\u00e3o: Batismo, Movimentos (ECC, EAC, EJC. Cursilho, etc\u2026).<\/li><li><strong>Vida e Comunidade (VeC):<\/strong> Pastorais estruturais (toda par\u00f3quia deve ter): Pastoral do D\u00edzimo, Pastoral Vocacional e Pastoral Juvenil. Demais pastorais desta linha de a\u00e7\u00e3o: PasCom, Educa\u00e7\u00e3o, Novas Comunidades, Equipes de articula\u00e7\u00e3o, Minist\u00e9rios Extraordin\u00e1rios, Apostolado da Ora\u00e7\u00e3o, RCC, Focolares, ter\u00e7o dos homens, M\u00e3es que rezam, etc\u2026<\/li><li><strong>Caridade e Miss\u00e3o (CeM):<\/strong> Caritas, Campanha Fraternidade, Pastoral da Crian\u00e7a, CPT, SSVP, Carcer\u00e1ria, Sa\u00fade, Sobriedade, Pessoa Idosa, etc\u2026<\/li><\/ol>\n\n\n\n<p>II \u2013 Cada linha de a\u00e7\u00e3o ter\u00e1 um coordenador (animador) a n\u00edvel paroquial, for\u00e2nico e diocesano, este tem a fun\u00e7\u00e3o de acompanhar, incentivar, animar e articular a sua linha de a\u00e7\u00e3o. Ele n\u00e3o substitui o coordenador de cada pastoral e movimento em si, ou seja, cada pastoral e movimento tem o seu coordenador, como sempre teve. O coordenador de linha de a\u00e7\u00e3o tem a fun\u00e7\u00e3o de estar junto como um articulador de a\u00e7\u00e3o. Os coordenadores das tr\u00eas linhas de a\u00e7\u00e3o, portanto, assim se estabelece:<\/p>\n\n\n\n<ol class=\"wp-block-list\"><li><strong>Coordenadores das tr\u00eas linhas de a\u00e7\u00e3o na par\u00f3quia:<\/strong> s\u00e3o eleitos pelo CPP (Conselho Paroquial de Pastoral), estes t\u00eam a fun\u00e7\u00e3o de representar a par\u00f3quia na Forania, participando das reuni\u00f5es na Forania e levando as decis\u00f5es para seu grupo de pastoral na par\u00f3quia e articulando com os mesmos as atividades planejadas. Cabe lembrar que, o CPP ser\u00e1 composto de no m\u00e1ximo 12 pessoas, como organismo de decis\u00e3o. Podendo haver reuni\u00f5es ampliadas com demais participantes para planejar atividades j\u00e1 estabelecidas pelo CPP. Quem faz parte do CPP? Padre, Di\u00e1conos, Religiosas (os), Coordenadores de Comunidades constitu\u00eddas (com Coordena\u00e7\u00e3o, Dizimo e Catequese), coordenadores de pastorais estruturais e outras a quem se acham necess\u00e1ria a participa\u00e7\u00e3o, desde que n\u00e3o ultrapasse 12 membros.<\/li><\/ol>\n\n\n\n<ol class=\"wp-block-list\" start=\"2\"><li>Na Forania participam os padres da Forania, religiosas, di\u00e1conos e os tr\u00eas coordenadores (animadores) das linhas de a\u00e7\u00e3o de cada par\u00f3quia, ou seja, ter\u00e1 tr\u00eas membros de cada par\u00f3quia nas reuni\u00f5es da Forania, al\u00e9m dos padres, di\u00e1conos e religiosos, se houver. Cada pastoral estrutural ter\u00e1 um coordenador for\u00e2neo (padre), escolhido na reuni\u00e3o da Forania.<\/li><li>Cabe a Forania eleger entre seus membros (leigos), um de cada linha de a\u00e7\u00e3o, que ir\u00e3o para o Conselho Diocesano de Pastoral.<\/li><\/ol>\n\n\n\n<p><strong>Portanto, assim ficam constitu\u00eddos os Conselhos de Pastoral:<\/strong><\/p>\n\n\n\n<ol class=\"wp-block-list\"><li><strong>Paroquial (CPP):<\/strong> Padre, Religioso (a), Di\u00e1cono presentes na par\u00f3quia, os tr\u00eas coordenadores (animadores das linhas de a\u00e7\u00e3o), coordenadores de pastorais estruturais, coordenadores de Comunidades estruturadas (Com coordenador, pastoral do D\u00edzimo e Catequese) e demais pessoas convidadas. (m\u00e1ximo de 12 pessoas).<\/li><li><strong>Conselho de Pastoral da Forania:<\/strong> Padres, Di\u00e1conos, religiosos (as) e animadores (coordenadores) de cada linha de a\u00e7\u00e3o das par\u00f3quias (tr\u00eas membros de cada par\u00f3quia, um de cada linha de a\u00e7\u00e3o).<\/li><li><strong>Conselho Diocesano de Pastoral:<\/strong> Bispo Diocesano, Vig\u00e1rio Geral, Vig\u00e1rios Episcopais, Vig\u00e1rios For\u00e2neos, coordenadores (animadores) das linhas de a\u00e7\u00e3o (tr\u00eas de cada Forania, ou seja, um de cada linha, eleitos na Forania) e coordenadores diocesanos de pastorais, se houver.<\/li><\/ol>\n\n\n\n<p>Que Nossa Senhora M\u00e3e da Santa Esperan\u00e7a e S\u00e3o Luiz Gonzaga, nossos padroeiros diocesanos nos acompanhem nesta miss\u00e3o e intercedam por n\u00f3s, como Igreja de comunh\u00e3o e participa\u00e7\u00e3o.<\/p>\n\n\n\n<p class=\"has-text-align-right\"><strong>Padre Nilton Jos\u00e9 Novato<\/strong><br>P\u00e1roco da Par\u00f3quia S\u00e3o Benedito \u2013 Acre\u00fana<br>Vig\u00e1rio for\u00e2neo da Forania S\u00e3o Sebasti\u00e3o.<\/p>\n","protected":false},"excerpt":{"rendered":"<p>A concretiza\u00e7\u00e3o do IV Plano Diocesano de Pastoral da Diocese de S\u00e3o Lu\u00eds de Montes Belos, a sua operacionaliza\u00e7\u00e3o, nos moldes de aplicabilidade na realidade concreta de nossas par\u00f3quias, comunidades, pastorais, movimentos e organismos em vista de uma evangeliza\u00e7\u00e3o que nos leve cada vez mais a \u201cDar raz\u00e3o de nossa Esperan\u00e7a\u201d, de forma madura, e,<span class=\"read-more arrow\"><a href=\"https:\/\/www.diocesesaoluis.org.br\/home\/2021\/02\/17\/clarificando-o-plano-diocesano-de-pastoral\/\" title=\"Read More\">&rarr;<\/a><\/span><\/p>\n","protected":false},"author":2,"featured_media":11518,"comment_status":"closed","ping_status":"open","sticky":false,"template":"","format":"standard","meta":{"ub_ctt_via":"","footnotes":""},"categories":[6,96],"tags":[],"class_list":{"0":"post-11516","1":"post","2":"type-post","3":"status-publish","4":"format-standard","5":"has-post-thumbnail","7":"category-bispo-diocesano","8":"category-organizacao-pastoral-e-administrativa"},"featured_image_src":"https:\/\/www.diocesesaoluis.org.br\/home\/wp-content\/uploads\/2021\/02\/IMG_20210217_102524.jpg","author_info":{"display_name":false,"author_link":"https:\/\/www.diocesesaoluis.org.br\/home\/author\/lucas\/"},"_links":{"self":[{"href":"https:\/\/www.diocesesaoluis.org.br\/home\/wp-json\/wp\/v2\/posts\/11516","targetHints":{"allow":["GET"]}}],"collection":[{"href":"https:\/\/www.diocesesaoluis.org.br\/home\/wp-json\/wp\/v2\/posts"}],"about":[{"href":"https:\/\/www.diocesesaoluis.org.br\/home\/wp-json\/wp\/v2\/types\/post"}],"author":[{"embeddable":true,"href":"https:\/\/www.diocesesaoluis.org.br\/home\/wp-json\/wp\/v2\/users\/2"}],"replies":[{"embeddable":true,"href":"https:\/\/www.diocesesaoluis.org.br\/home\/wp-json\/wp\/v2\/comments?post=11516"}],"version-history":[{"count":1,"href":"https:\/\/www.diocesesaoluis.org.br\/home\/wp-json\/wp\/v2\/posts\/11516\/revisions"}],"predecessor-version":[{"id":11517,"href":"https:\/\/www.diocesesaoluis.org.br\/home\/wp-json\/wp\/v2\/posts\/11516\/revisions\/11517"}],"wp:featuredmedia":[{"embeddable":true,"href":"https:\/\/www.diocesesaoluis.org.br\/home\/wp-json\/wp\/v2\/media\/11518"}],"wp:attachment":[{"href":"https:\/\/www.diocesesaoluis.org.br\/home\/wp-json\/wp\/v2\/media?parent=11516"}],"wp:term":[{"taxonomy":"category","embeddable":true,"href":"https:\/\/www.diocesesaoluis.org.br\/home\/wp-json\/wp\/v2\/categories?post=11516"},{"taxonomy":"post_tag","embeddable":true,"href":"https:\/\/www.diocesesaoluis.org.br\/home\/wp-json\/wp\/v2\/tags?post=11516"}],"curies":[{"name":"wp","href":"https:\/\/api.w.org\/{rel}","templated":true}]}}