{"id":11497,"date":"2021-02-13T11:09:22","date_gmt":"2021-02-13T14:09:22","guid":{"rendered":"https:\/\/www.diocesesaoluis.org.br\/home\/?p=11497"},"modified":"2021-03-01T21:11:27","modified_gmt":"2021-03-02T00:11:27","slug":"seminario-maior-realiza-retiro-espiritual-anual","status":"publish","type":"post","link":"https:\/\/www.diocesesaoluis.org.br\/home\/2021\/02\/13\/seminario-maior-realiza-retiro-espiritual-anual\/","title":{"rendered":"Semin\u00e1rio Maior realiza retiro espiritual anual"},"content":{"rendered":"\n<p>Entre os dias 08 e 12 de fevereiro, os seminaristas do Semin\u00e1rio Maior S\u00e3o Lu\u00eds Gonzaga, em Aparecida de Goi\u00e2nia, estiveram em retiro espiritual anual. Neste ano, o retiro foi conduzido pelo Pe. Jo\u00e3o Aur\u00e9lio, coordenador diocesano de pastoral. Na ter\u00e7a-feira, Dom Lindomar Rocha esteve presente e celebrou a Santa Missa com os seminaristas. Durante os dias de ora\u00e7\u00e3o e sil\u00eancio, foram refletidos v\u00e1rios temas, entre eles, a Eucaristia como servi\u00e7o e doa\u00e7\u00e3o e a voca\u00e7\u00e3o de Nossa Senhora.<\/p>\n\n\n<div style=\"min-height: 325px;; \" class=\"ub_image_slider swiper-container wp-block-ub-image-slider\" id=\"ub_image_slider_b80013dc-d6a8-4813-a5bf-89c8f346a5f8\" data-swiper-data='{\"speed\":300,\"spaceBetween\":20,\"slidesPerView\":1,\"loop\":true,\"pagination\":{\"el\": \".swiper-pagination\" , \"type\": \"bullets\", \"clickable\":true},\"navigation\": {\"nextEl\": \".swiper-button-next\", \"prevEl\": \".swiper-button-prev\"}, \"keyboard\": { \"enabled\": true }, \"effect\": \"slide\",\"simulateTouch\":false}'>\n            <div class=\"swiper-wrapper\"><figure class=\"swiper-slide\">\n                <img decoding=\"async\" src=\"https:\/\/www.diocesesaoluis.org.br\/home\/wp-content\/uploads\/2021\/02\/IMG-20210212-WA0013.jpg\" alt=\"\" style=\"height: 290px;; \">\n                <figcaption class=\"ub_image_slider_image_caption\"><\/figcaption>\n            <\/figure><figure class=\"swiper-slide\">\n                <img decoding=\"async\" src=\"https:\/\/www.diocesesaoluis.org.br\/home\/wp-content\/uploads\/2021\/02\/IMG-20210212-WA0010.jpg\" alt=\"\" style=\"height: 290px;; \">\n                <figcaption class=\"ub_image_slider_image_caption\"><\/figcaption>\n            <\/figure><figure class=\"swiper-slide\">\n                <img decoding=\"async\" src=\"https:\/\/www.diocesesaoluis.org.br\/home\/wp-content\/uploads\/2021\/02\/IMG-20210212-WA0018.jpg\" alt=\"\" style=\"height: 290px;; \">\n                <figcaption class=\"ub_image_slider_image_caption\"><\/figcaption>\n            <\/figure><\/div>\n            <div class=\"swiper-pagination\"><\/div>\n            <div class=\"swiper-button-prev\"><\/div> <div class=\"swiper-button-next\"><\/div>\n        <\/div>","protected":false},"excerpt":{"rendered":"<p>Entre os dias 08 e 12 de fevereiro, os seminaristas do Semin\u00e1rio Maior S\u00e3o Lu\u00eds Gonzaga, em Aparecida de Goi\u00e2nia, estiveram em retiro espiritual anual. Neste ano, o retiro foi conduzido pelo Pe. Jo\u00e3o Aur\u00e9lio, coordenador diocesano de pastoral. Na ter\u00e7a-feira, Dom Lindomar Rocha esteve presente e celebrou a Santa Missa com os seminaristas. Durante<span class=\"read-more arrow\"><a href=\"https:\/\/www.diocesesaoluis.org.br\/home\/2021\/02\/13\/seminario-maior-realiza-retiro-espiritual-anual\/\" title=\"Read More\">&rarr;<\/a><\/span><\/p>\n","protected":false},"author":2,"featured_media":11503,"comment_status":"closed","ping_status":"open","sticky":false,"template":"","format":"standard","meta":{"ub_ctt_via":"","footnotes":""},"categories":[6,1],"tags":[305,220],"class_list":{"0":"post-11497","1":"post","2":"type-post","3":"status-publish","4":"format-standard","5":"has-post-thumbnail","7":"category-bispo-diocesano","8":"category-seminario","9":"tag-retiro-espiritual","10":"tag-seminario-diocesano"},"featured_image_src":"https:\/\/www.diocesesaoluis.org.br\/home\/wp-content\/uploads\/2021\/02\/IMG-20210212-WA0013.jpg","author_info":{"display_name":false,"author_link":"https:\/\/www.diocesesaoluis.org.br\/home\/author\/lucas\/"},"_links":{"self":[{"href":"https:\/\/www.diocesesaoluis.org.br\/home\/wp-json\/wp\/v2\/posts\/11497","targetHints":{"allow":["GET"]}}],"collection":[{"href":"https:\/\/www.diocesesaoluis.org.br\/home\/wp-json\/wp\/v2\/posts"}],"about":[{"href":"https:\/\/www.diocesesaoluis.org.br\/home\/wp-json\/wp\/v2\/types\/post"}],"author":[{"embeddable":true,"href":"https:\/\/www.diocesesaoluis.org.br\/home\/wp-json\/wp\/v2\/users\/2"}],"replies":[{"embeddable":true,"href":"https:\/\/www.diocesesaoluis.org.br\/home\/wp-json\/wp\/v2\/comments?post=11497"}],"version-history":[{"count":7,"href":"https:\/\/www.diocesesaoluis.org.br\/home\/wp-json\/wp\/v2\/posts\/11497\/revisions"}],"predecessor-version":[{"id":11509,"href":"https:\/\/www.diocesesaoluis.org.br\/home\/wp-json\/wp\/v2\/posts\/11497\/revisions\/11509"}],"wp:featuredmedia":[{"embeddable":true,"href":"https:\/\/www.diocesesaoluis.org.br\/home\/wp-json\/wp\/v2\/media\/11503"}],"wp:attachment":[{"href":"https:\/\/www.diocesesaoluis.org.br\/home\/wp-json\/wp\/v2\/media?parent=11497"}],"wp:term":[{"taxonomy":"category","embeddable":true,"href":"https:\/\/www.diocesesaoluis.org.br\/home\/wp-json\/wp\/v2\/categories?post=11497"},{"taxonomy":"post_tag","embeddable":true,"href":"https:\/\/www.diocesesaoluis.org.br\/home\/wp-json\/wp\/v2\/tags?post=11497"}],"curies":[{"name":"wp","href":"https:\/\/api.w.org\/{rel}","templated":true}]}}