{"id":11493,"date":"2021-02-13T10:41:43","date_gmt":"2021-02-13T13:41:43","guid":{"rendered":"https:\/\/www.diocesesaoluis.org.br\/home\/?p=11493"},"modified":"2021-02-28T23:21:32","modified_gmt":"2021-03-01T02:21:32","slug":"dom-lindomar-ordena-neilton-mendes-diacono-transitorio","status":"publish","type":"post","link":"https:\/\/www.diocesesaoluis.org.br\/home\/2021\/02\/13\/dom-lindomar-ordena-neilton-mendes-diacono-transitorio\/","title":{"rendered":"Dom Lindomar ordena Neilton Mendes como Di\u00e1cono Transit\u00f3rio"},"content":{"rendered":"\n<p>No \u00faltimo dia 05 de fevereiro, Dom Lindomar Rocha, bispo diocesano, ordenou o seminarista Neilton Mendes de Souza como di\u00e1cono para nossa Igreja Particular. <br><br>A Solene Celebra\u00e7\u00e3o Eucar\u00edstica aconteceu na Catedral S\u00e3o Lu\u00eds Gonzaga, em S\u00e3o Lu\u00eds, e foi concelebrada por todo o clero diocesano. Devido \u00e0 pandemia, a participa\u00e7\u00e3o foi reduzida a di\u00e1conos, seminaristas, religiosos, familiares e amigos do ordenando. Entretanto, atrav\u00e9s dos meios de comunica\u00e7\u00e3o da Diocese, v\u00e1rias pessoas puderam participar desse momento importante.<\/p>\n\n\n\n<p>Na homilia, Dom Lindomar agradeceu aos pais do ordenando por todo o exemplo e o caminho que prepararam para que ele seguisse a voca\u00e7\u00e3o sacerdotal. Dirigindo-se ao ordenando, destacou que &#8220;a const\u00e2ncia ao chamado \u00e9 a resposta dada a Deus. Sempre que chegamos naquilo que Deus nos chamou, testamos a nossa const\u00e2ncia. Por decidir ser &#8216;quente&#8217; e n\u00e3o &#8216;frio&#8217; na resposta ao chamado, chegamos a este momento de sua vida.&#8221;  <\/p>\n\n\n\n<p>Ao final da Celebra\u00e7\u00e3o, o novo di\u00e1cono fez seus agradecimentos a todos que o auxiliaram durante o per\u00edodo formativo, para que chegasse a esse momento importante em sua vida e da Igreja.<\/p>\n\n\n\n<p style=\"font-size:14px\"><em>Fotos: Poliana Cristina\/PASCOM<\/em><\/p>\n\n\n<div style=\"min-height: 325px;; \" class=\"ub_image_slider swiper-container wp-block-ub-image-slider\" id=\"ub_image_slider_0bf00603-2acc-4a20-81b6-ff6dfe91d7e9\" data-swiper-data='{\"speed\":300,\"spaceBetween\":20,\"slidesPerView\":1,\"loop\":true,\"pagination\":{\"el\": \".swiper-pagination\" , \"type\": \"bullets\", \"clickable\":true},\"navigation\": {\"nextEl\": \".swiper-button-next\", \"prevEl\": \".swiper-button-prev\"}, \"keyboard\": { \"enabled\": true }, \"effect\": \"slide\",\"simulateTouch\":false}'>\n            <div class=\"swiper-wrapper\"><figure class=\"swiper-slide\">\n                <img decoding=\"async\" src=\"https:\/\/www.diocesesaoluis.org.br\/home\/wp-content\/uploads\/2021\/02\/PSX_20210208_100913.jpg\" alt=\"\" style=\"height: 290px;; \">\n                <figcaption class=\"ub_image_slider_image_caption\"><\/figcaption>\n            <\/figure><figure class=\"swiper-slide\">\n                <img decoding=\"async\" src=\"https:\/\/www.diocesesaoluis.org.br\/home\/wp-content\/uploads\/2021\/02\/PSX_20210208_100816.jpg\" alt=\"\" style=\"height: 290px;; \">\n                <figcaption class=\"ub_image_slider_image_caption\"><\/figcaption>\n            <\/figure><figure class=\"swiper-slide\">\n                <img decoding=\"async\" src=\"https:\/\/www.diocesesaoluis.org.br\/home\/wp-content\/uploads\/2021\/02\/PSX_20210208_101230.jpg\" alt=\"\" style=\"height: 290px;; \">\n                <figcaption class=\"ub_image_slider_image_caption\"><\/figcaption>\n            <\/figure><figure class=\"swiper-slide\">\n                <img decoding=\"async\" src=\"https:\/\/www.diocesesaoluis.org.br\/home\/wp-content\/uploads\/2021\/02\/PSX_20210208_100939.jpg\" alt=\"\" style=\"height: 290px;; \">\n                <figcaption class=\"ub_image_slider_image_caption\"><\/figcaption>\n            <\/figure><figure class=\"swiper-slide\">\n                <img decoding=\"async\" src=\"https:\/\/www.diocesesaoluis.org.br\/home\/wp-content\/uploads\/2021\/02\/PSX_20210208_101158.jpg\" alt=\"\" style=\"height: 290px;; \">\n                <figcaption class=\"ub_image_slider_image_caption\"><\/figcaption>\n            <\/figure><figure class=\"swiper-slide\">\n                <img decoding=\"async\" src=\"https:\/\/www.diocesesaoluis.org.br\/home\/wp-content\/uploads\/2021\/02\/PSX_20210208_101254.jpg\" alt=\"\" style=\"height: 290px;; \">\n                <figcaption class=\"ub_image_slider_image_caption\"><\/figcaption>\n            <\/figure><figure class=\"swiper-slide\">\n                <img decoding=\"async\" src=\"https:\/\/www.diocesesaoluis.org.br\/home\/wp-content\/uploads\/2021\/02\/PSX_20210208_101050.jpg\" alt=\"\" style=\"height: 290px;; \">\n                <figcaption class=\"ub_image_slider_image_caption\"><\/figcaption>\n            <\/figure><figure class=\"swiper-slide\">\n                <img decoding=\"async\" src=\"https:\/\/www.diocesesaoluis.org.br\/home\/wp-content\/uploads\/2021\/02\/PSX_20210208_101122.jpg\" alt=\"\" style=\"height: 290px;; \">\n                <figcaption class=\"ub_image_slider_image_caption\"><\/figcaption>\n            <\/figure><figure class=\"swiper-slide\">\n                <img decoding=\"async\" src=\"https:\/\/www.diocesesaoluis.org.br\/home\/wp-content\/uploads\/2021\/02\/PSX_20210208_101021.jpg\" alt=\"\" style=\"height: 290px;; \">\n                <figcaption class=\"ub_image_slider_image_caption\"><\/figcaption>\n            <\/figure><figure class=\"swiper-slide\">\n                <img decoding=\"async\" src=\"https:\/\/www.diocesesaoluis.org.br\/home\/wp-content\/uploads\/2021\/02\/PSX_20210208_101455.jpg\" alt=\"\" style=\"height: 290px;; \">\n                <figcaption class=\"ub_image_slider_image_caption\"><\/figcaption>\n            <\/figure><figure class=\"swiper-slide\">\n                <img decoding=\"async\" src=\"https:\/\/www.diocesesaoluis.org.br\/home\/wp-content\/uploads\/2021\/02\/PSX_20210208_101522.jpg\" alt=\"\" style=\"height: 290px;; \">\n                <figcaption class=\"ub_image_slider_image_caption\"><\/figcaption>\n            <\/figure><figure class=\"swiper-slide\">\n                <img decoding=\"async\" src=\"https:\/\/www.diocesesaoluis.org.br\/home\/wp-content\/uploads\/2021\/02\/PSX_20210208_101434.jpg\" alt=\"\" style=\"height: 290px;; \">\n                <figcaption class=\"ub_image_slider_image_caption\"><\/figcaption>\n            <\/figure><figure class=\"swiper-slide\">\n                <img decoding=\"async\" src=\"https:\/\/www.diocesesaoluis.org.br\/home\/wp-content\/uploads\/2021\/02\/PSX_20210208_101353.jpg\" alt=\"\" style=\"height: 290px;; \">\n                <figcaption class=\"ub_image_slider_image_caption\"><\/figcaption>\n            <\/figure><figure class=\"swiper-slide\">\n                <img decoding=\"async\" src=\"https:\/\/www.diocesesaoluis.org.br\/home\/wp-content\/uploads\/2021\/02\/PSX_20210208_101329.jpg\" alt=\"\" style=\"height: 290px;; \">\n                <figcaption class=\"ub_image_slider_image_caption\"><\/figcaption>\n            <\/figure><figure class=\"swiper-slide\">\n                <img decoding=\"async\" src=\"https:\/\/www.diocesesaoluis.org.br\/home\/wp-content\/uploads\/2021\/02\/PSX_20210208_101748.jpg\" alt=\"\" style=\"height: 290px;; \">\n                <figcaption class=\"ub_image_slider_image_caption\"><\/figcaption>\n            <\/figure><figure class=\"swiper-slide\">\n                <img decoding=\"async\" src=\"https:\/\/www.diocesesaoluis.org.br\/home\/wp-content\/uploads\/2021\/02\/PSX_20210208_101625.jpg\" alt=\"\" style=\"height: 290px;; \">\n                <figcaption class=\"ub_image_slider_image_caption\"><\/figcaption>\n            <\/figure><figure class=\"swiper-slide\">\n                <img decoding=\"async\" src=\"https:\/\/www.diocesesaoluis.org.br\/home\/wp-content\/uploads\/2021\/02\/PSX_20210208_101551.jpg\" alt=\"\" style=\"height: 290px;; \">\n                <figcaption class=\"ub_image_slider_image_caption\"><\/figcaption>\n            <\/figure><figure class=\"swiper-slide\">\n                <img decoding=\"async\" src=\"https:\/\/www.diocesesaoluis.org.br\/home\/wp-content\/uploads\/2021\/02\/PSX_20210208_101649.jpg\" alt=\"\" style=\"height: 290px;; \">\n                <figcaption class=\"ub_image_slider_image_caption\"><\/figcaption>\n            <\/figure><figure class=\"swiper-slide\">\n                <img decoding=\"async\" src=\"https:\/\/www.diocesesaoluis.org.br\/home\/wp-content\/uploads\/2021\/02\/PSX_20210208_101824.jpg\" alt=\"\" style=\"height: 290px;; \">\n                <figcaption class=\"ub_image_slider_image_caption\"><\/figcaption>\n            <\/figure><figure class=\"swiper-slide\">\n                <img decoding=\"async\" src=\"https:\/\/www.diocesesaoluis.org.br\/home\/wp-content\/uploads\/2021\/02\/PSX_20210208_101935.jpg\" alt=\"\" style=\"height: 290px;; \">\n                <figcaption class=\"ub_image_slider_image_caption\"><\/figcaption>\n            <\/figure><figure class=\"swiper-slide\">\n                <img decoding=\"async\" src=\"https:\/\/www.diocesesaoluis.org.br\/home\/wp-content\/uploads\/2021\/02\/PSX_20210208_100635.jpg\" alt=\"\" style=\"height: 290px;; \">\n                <figcaption class=\"ub_image_slider_image_caption\"><\/figcaption>\n            <\/figure><figure class=\"swiper-slide\">\n                <img decoding=\"async\" src=\"https:\/\/www.diocesesaoluis.org.br\/home\/wp-content\/uploads\/2021\/02\/PSX_20210208_100725.jpg\" alt=\"\" style=\"height: 290px;; \">\n                <figcaption class=\"ub_image_slider_image_caption\"><\/figcaption>\n            <\/figure><figure class=\"swiper-slide\">\n                <img decoding=\"async\" src=\"https:\/\/www.diocesesaoluis.org.br\/home\/wp-content\/uploads\/2021\/02\/PSX_20210208_100512.jpg\" alt=\"\" style=\"height: 290px;; \">\n                <figcaption class=\"ub_image_slider_image_caption\"><\/figcaption>\n            <\/figure><figure class=\"swiper-slide\">\n                <img decoding=\"async\" src=\"https:\/\/www.diocesesaoluis.org.br\/home\/wp-content\/uploads\/2021\/02\/PSX_20210208_100550.jpg\" alt=\"\" style=\"height: 290px;; \">\n                <figcaption class=\"ub_image_slider_image_caption\"><\/figcaption>\n            <\/figure><figure class=\"swiper-slide\">\n                <img decoding=\"async\" src=\"https:\/\/www.diocesesaoluis.org.br\/home\/wp-content\/uploads\/2021\/02\/PSX_20210208_100846.jpg\" alt=\"\" style=\"height: 290px;; \">\n                <figcaption class=\"ub_image_slider_image_caption\"><\/figcaption>\n            <\/figure><\/div>\n            <div class=\"swiper-pagination\"><\/div>\n            <div class=\"swiper-button-prev\"><\/div> <div class=\"swiper-button-next\"><\/div>\n        <\/div>","protected":false},"excerpt":{"rendered":"<p>No \u00faltimo dia 05 de fevereiro, Dom Lindomar Rocha, bispo diocesano, ordenou o seminarista Neilton Mendes de Souza como di\u00e1cono para nossa Igreja Particular. A Solene Celebra\u00e7\u00e3o Eucar\u00edstica aconteceu na Catedral S\u00e3o Lu\u00eds Gonzaga, em S\u00e3o Lu\u00eds, e foi concelebrada por todo o clero diocesano. Devido \u00e0 pandemia, a participa\u00e7\u00e3o foi reduzida a di\u00e1conos, seminaristas,<span class=\"read-more arrow\"><a href=\"https:\/\/www.diocesesaoluis.org.br\/home\/2021\/02\/13\/dom-lindomar-ordena-neilton-mendes-diacono-transitorio\/\" title=\"Read More\">&rarr;<\/a><\/span><\/p>\n","protected":false},"author":2,"featured_media":11475,"comment_status":"closed","ping_status":"open","sticky":false,"template":"","format":"standard","meta":{"ub_ctt_via":"","footnotes":""},"categories":[6,2],"tags":[221,284],"class_list":{"0":"post-11493","1":"post","2":"type-post","3":"status-publish","4":"format-standard","5":"has-post-thumbnail","7":"category-bispo-diocesano","8":"category-pascom","9":"tag-dom-lindomar","10":"tag-ordenacao-diaconal"},"featured_image_src":"https:\/\/www.diocesesaoluis.org.br\/home\/wp-content\/uploads\/2021\/02\/PSX_20210208_101353.jpg","author_info":{"display_name":false,"author_link":"https:\/\/www.diocesesaoluis.org.br\/home\/author\/lucas\/"},"_links":{"self":[{"href":"https:\/\/www.diocesesaoluis.org.br\/home\/wp-json\/wp\/v2\/posts\/11493","targetHints":{"allow":["GET"]}}],"collection":[{"href":"https:\/\/www.diocesesaoluis.org.br\/home\/wp-json\/wp\/v2\/posts"}],"about":[{"href":"https:\/\/www.diocesesaoluis.org.br\/home\/wp-json\/wp\/v2\/types\/post"}],"author":[{"embeddable":true,"href":"https:\/\/www.diocesesaoluis.org.br\/home\/wp-json\/wp\/v2\/users\/2"}],"replies":[{"embeddable":true,"href":"https:\/\/www.diocesesaoluis.org.br\/home\/wp-json\/wp\/v2\/comments?post=11493"}],"version-history":[{"count":2,"href":"https:\/\/www.diocesesaoluis.org.br\/home\/wp-json\/wp\/v2\/posts\/11493\/revisions"}],"predecessor-version":[{"id":11495,"href":"https:\/\/www.diocesesaoluis.org.br\/home\/wp-json\/wp\/v2\/posts\/11493\/revisions\/11495"}],"wp:featuredmedia":[{"embeddable":true,"href":"https:\/\/www.diocesesaoluis.org.br\/home\/wp-json\/wp\/v2\/media\/11475"}],"wp:attachment":[{"href":"https:\/\/www.diocesesaoluis.org.br\/home\/wp-json\/wp\/v2\/media?parent=11493"}],"wp:term":[{"taxonomy":"category","embeddable":true,"href":"https:\/\/www.diocesesaoluis.org.br\/home\/wp-json\/wp\/v2\/categories?post=11493"},{"taxonomy":"post_tag","embeddable":true,"href":"https:\/\/www.diocesesaoluis.org.br\/home\/wp-json\/wp\/v2\/tags?post=11493"}],"curies":[{"name":"wp","href":"https:\/\/api.w.org\/{rel}","templated":true}]}}