{"id":11403,"date":"2021-02-04T06:42:00","date_gmt":"2021-02-04T09:42:00","guid":{"rendered":"https:\/\/www.diocesesaoluis.org.br\/home\/?p=11403"},"modified":"2021-02-13T10:46:18","modified_gmt":"2021-02-13T13:46:18","slug":"seminarista-neilton-sera-ordenado-diacono-transitorio","status":"publish","type":"post","link":"https:\/\/www.diocesesaoluis.org.br\/home\/2021\/02\/04\/seminarista-neilton-sera-ordenado-diacono-transitorio\/","title":{"rendered":"Seminarista Neilton ser\u00e1 ordenado di\u00e1cono transit\u00f3rio"},"content":{"rendered":"\n<p>Amanh\u00e3, dia 05\/02, a Diocese de S\u00e3o Lu\u00eds de Montes Belos, sob a imposi\u00e7\u00e3o das m\u00e3os de Dom Lindomar Rocha, bispo diocesano, e Prece de Ordena\u00e7\u00e3o da Igreja, ordenar\u00e1 para o diaconato transit\u00f3rio o seminarista Neilton Mendes de Souza. <\/p>\n\n\n\n<p>Neilton Mendes de Souza tem 25 anos. A sua Par\u00f3quia de origem \u00e9 a de Jesus Bom Pastor, em Indiara. Ingressou no Semin\u00e1rio Menor M\u00e3e da Santa Esperan\u00e7a, em S\u00e3o Lu\u00eds de Montes Belos, no ano de 2011. Em 2013, ingressou no Semin\u00e1rio Maior S\u00e3o Lu\u00eds Gonzaga, em Aparecida de Goi\u00e2nia, onde fez o Proped\u00eautico, Filosofia e Teologia. Durante a Teologia, fez pastoral na Obra das Voca\u00e7\u00f5es Eclesi\u00e1sticas (OVE); na Par\u00f3quia S\u00e3o Francisco de Assis, em Anicuns; na Par\u00f3quia Santa Luzia, em Aparecida de Goi\u00e2nia; e na Par\u00f3quia S\u00e3o Crist\u00f3v\u00e3o, em Cezarina.<\/p>\n\n\n\n<p>A Solene Celebra\u00e7\u00e3o Eucar\u00edstica ser\u00e1 \u00e0s 18h, na Igreja Catedral S\u00e3o Lu\u00eds Gonzaga, em S\u00e3o Lu\u00eds de Montes Belos. Devido \u00e0 pandemia, a participa\u00e7\u00e3o precisar\u00e1 ser limitada. Para que todos participem, a Celebra\u00e7\u00e3o ser\u00e1 transmitida pela p\u00e1gina do Facebook da Diocese, canal no YouTube, Rede Diocesana de R\u00e1dio, pelo site <a href=\"http:\/\/redediocesana.com.br\" target=\"_blank\" rel=\"noreferrer noopener\">redediocesana.com.br<\/a> e pelo RDR App. &nbsp;<\/p>\n\n\n\n<div class=\"wp-block-image\"><figure class=\"aligncenter size-large\"><img loading=\"lazy\" decoding=\"async\" width=\"1024\" height=\"576\" src=\"https:\/\/www.diocesesaoluis.org.br\/home\/wp-content\/uploads\/2021\/02\/IMG-20210121-WA0011-1024x576.jpg\" alt=\"\" class=\"wp-image-11405\" srcset=\"https:\/\/www.diocesesaoluis.org.br\/home\/wp-content\/uploads\/2021\/02\/IMG-20210121-WA0011-1024x576.jpg 1024w, https:\/\/www.diocesesaoluis.org.br\/home\/wp-content\/uploads\/2021\/02\/IMG-20210121-WA0011-300x169.jpg 300w, https:\/\/www.diocesesaoluis.org.br\/home\/wp-content\/uploads\/2021\/02\/IMG-20210121-WA0011-150x84.jpg 150w, https:\/\/www.diocesesaoluis.org.br\/home\/wp-content\/uploads\/2021\/02\/IMG-20210121-WA0011-768x432.jpg 768w, https:\/\/www.diocesesaoluis.org.br\/home\/wp-content\/uploads\/2021\/02\/IMG-20210121-WA0011-359x201.jpg 359w, https:\/\/www.diocesesaoluis.org.br\/home\/wp-content\/uploads\/2021\/02\/IMG-20210121-WA0011.jpg 1280w\" sizes=\"auto, (max-width: 1024px) 100vw, 1024px\" \/><\/figure><\/div>\n","protected":false},"excerpt":{"rendered":"<p>Amanh\u00e3, dia 05\/02, a Diocese de S\u00e3o Lu\u00eds de Montes Belos, sob a imposi\u00e7\u00e3o das m\u00e3os de Dom Lindomar Rocha, bispo diocesano, e Prece de Ordena\u00e7\u00e3o da Igreja, ordenar\u00e1 para o diaconato transit\u00f3rio o seminarista Neilton Mendes de Souza. Neilton Mendes de Souza tem 25 anos. A sua Par\u00f3quia de origem \u00e9 a de Jesus<span class=\"read-more arrow\"><a href=\"https:\/\/www.diocesesaoluis.org.br\/home\/2021\/02\/04\/seminarista-neilton-sera-ordenado-diacono-transitorio\/\" title=\"Read More\">&rarr;<\/a><\/span><\/p>\n","protected":false},"author":2,"featured_media":11406,"comment_status":"closed","ping_status":"open","sticky":false,"template":"","format":"standard","meta":{"ub_ctt_via":"","footnotes":""},"categories":[2],"tags":[221,284],"class_list":{"0":"post-11403","1":"post","2":"type-post","3":"status-publish","4":"format-standard","5":"has-post-thumbnail","7":"category-pascom","8":"tag-dom-lindomar","9":"tag-ordenacao-diaconal"},"featured_image_src":"https:\/\/www.diocesesaoluis.org.br\/home\/wp-content\/uploads\/2021\/02\/diacono.jpg","author_info":{"display_name":false,"author_link":"https:\/\/www.diocesesaoluis.org.br\/home\/author\/lucas\/"},"_links":{"self":[{"href":"https:\/\/www.diocesesaoluis.org.br\/home\/wp-json\/wp\/v2\/posts\/11403","targetHints":{"allow":["GET"]}}],"collection":[{"href":"https:\/\/www.diocesesaoluis.org.br\/home\/wp-json\/wp\/v2\/posts"}],"about":[{"href":"https:\/\/www.diocesesaoluis.org.br\/home\/wp-json\/wp\/v2\/types\/post"}],"author":[{"embeddable":true,"href":"https:\/\/www.diocesesaoluis.org.br\/home\/wp-json\/wp\/v2\/users\/2"}],"replies":[{"embeddable":true,"href":"https:\/\/www.diocesesaoluis.org.br\/home\/wp-json\/wp\/v2\/comments?post=11403"}],"version-history":[{"count":3,"href":"https:\/\/www.diocesesaoluis.org.br\/home\/wp-json\/wp\/v2\/posts\/11403\/revisions"}],"predecessor-version":[{"id":11496,"href":"https:\/\/www.diocesesaoluis.org.br\/home\/wp-json\/wp\/v2\/posts\/11403\/revisions\/11496"}],"wp:featuredmedia":[{"embeddable":true,"href":"https:\/\/www.diocesesaoluis.org.br\/home\/wp-json\/wp\/v2\/media\/11406"}],"wp:attachment":[{"href":"https:\/\/www.diocesesaoluis.org.br\/home\/wp-json\/wp\/v2\/media?parent=11403"}],"wp:term":[{"taxonomy":"category","embeddable":true,"href":"https:\/\/www.diocesesaoluis.org.br\/home\/wp-json\/wp\/v2\/categories?post=11403"},{"taxonomy":"post_tag","embeddable":true,"href":"https:\/\/www.diocesesaoluis.org.br\/home\/wp-json\/wp\/v2\/tags?post=11403"}],"curies":[{"name":"wp","href":"https:\/\/api.w.org\/{rel}","templated":true}]}}