{"id":11270,"date":"2017-01-21T10:30:29","date_gmt":"2017-01-21T12:30:29","guid":{"rendered":"https:\/\/www.diocesesaoluis.org.br\/home\/?p=11270"},"modified":"2021-02-04T09:46:17","modified_gmt":"2021-02-04T12:46:17","slug":"exercicios-espirituais-da-curia-romana-nao-serao-realizados-em-comunidade","status":"publish","type":"post","link":"https:\/\/www.diocesesaoluis.org.br\/home\/2017\/01\/21\/exercicios-espirituais-da-curia-romana-nao-serao-realizados-em-comunidade\/","title":{"rendered":"Exerc\u00edcios Espirituais da C\u00faria Romana n\u00e3o ser\u00e3o realizados em comunidade"},"content":{"rendered":"\n<p>A Sala de Imprensa da Santa S\u00e9 comunicou na manh\u00e3 desta quarta-feira (20\/01) que os Exerc\u00edcios Espirituais da C\u00faria Romana aos quais o Papa Francisco participa, n\u00e3o ser\u00e3o vividos em comunidade.<\/p>\n\n\n\n<p>Segundo o comunicado, devido a continuidade da \u201cemerg\u00eancia sanit\u00e1ria atual, este ano n\u00e3o ser\u00e1 poss\u00edvel viver comunitariamente os Exerc\u00edcios Espirituais da C\u00faria Romana na Casa Divino Mestre em Ariccia\u201d. \u201cPortanto o Santo Padre convidou \u2013 segue a nota &#8211; os Cardeais residentes em Roma, os Chefes dos Dicast\u00e9rios e os Superiores da C\u00faria Romana a fazerem seus pr\u00f3prios exerc\u00edcios espirituais, retirando-se em ora\u00e7\u00e3o, da tarde de domingo 21 de fevereiro a sexta-feira, dia 26 de fevereiro\u201d.<\/p>\n\n\n\n<p>Como acontece todos os anos, durante a semana dos exerc\u00edcios espirituais, todos os compromissos do Santo Padre ser\u00e3o suspensos, incluindo a Audi\u00eancia Geral na quarta-feira, 24 de fevereiro.<\/p>\n\n\n\n<h2 class=\"wp-block-heading\"><strong>Exerc\u00edcios Espirituais de 2020<\/strong><\/h2>\n\n\n\n<p>Na s\u00e9tima medita\u00e7\u00e3o dos Exerc\u00edcios espirituais da Quaresma de 2020 em Ariccia, o Papa acompanhou as ora\u00e7\u00f5es do Vaticano. Na ocasi\u00e3o o pregador padre Bovati se deteve sobre o tema &#8220;Combate e ora\u00e7\u00e3o\u201d. Refletia sobre uma sociedade doente, ferida, abandonada, com for\u00e7as que buscam destruir aquilo que Cristo fundou, mas, observava o jesu\u00edta, &#8220;a rocha sobre a qual a Igreja \u00e9 edificada resistir\u00e1 ao mal&#8221;.<\/p>\n\n\n\n<p><em>Fonte: Vatican News<\/em><\/p>\n","protected":false},"excerpt":{"rendered":"<p>A Sala de Imprensa da Santa S\u00e9 comunicou na manh\u00e3 desta quarta-feira (20\/01) que os Exerc\u00edcios Espirituais da C\u00faria Romana aos quais o Papa Francisco participa, n\u00e3o ser\u00e3o vividos em comunidade. Segundo o comunicado, devido a continuidade da \u201cemerg\u00eancia sanit\u00e1ria atual, este ano n\u00e3o ser\u00e1 poss\u00edvel viver comunitariamente os Exerc\u00edcios Espirituais da C\u00faria Romana na<span class=\"read-more arrow\"><a href=\"https:\/\/www.diocesesaoluis.org.br\/home\/2017\/01\/21\/exercicios-espirituais-da-curia-romana-nao-serao-realizados-em-comunidade\/\" title=\"Read More\">&rarr;<\/a><\/span><\/p>\n","protected":false},"author":2,"featured_media":11271,"comment_status":"closed","ping_status":"open","sticky":false,"template":"","format":"standard","meta":{"ub_ctt_via":"","footnotes":""},"categories":[2],"tags":[296,254],"class_list":{"0":"post-11270","1":"post","2":"type-post","3":"status-publish","4":"format-standard","5":"has-post-thumbnail","7":"category-pascom","8":"tag-curia-romana","9":"tag-papa-francisco"},"featured_image_src":"https:\/\/www.diocesesaoluis.org.br\/home\/wp-content\/uploads\/2021\/01\/cq5dam.thumbnail.cropped.1000.563.jpeg","author_info":{"display_name":false,"author_link":"https:\/\/www.diocesesaoluis.org.br\/home\/author\/lucas\/"},"_links":{"self":[{"href":"https:\/\/www.diocesesaoluis.org.br\/home\/wp-json\/wp\/v2\/posts\/11270","targetHints":{"allow":["GET"]}}],"collection":[{"href":"https:\/\/www.diocesesaoluis.org.br\/home\/wp-json\/wp\/v2\/posts"}],"about":[{"href":"https:\/\/www.diocesesaoluis.org.br\/home\/wp-json\/wp\/v2\/types\/post"}],"author":[{"embeddable":true,"href":"https:\/\/www.diocesesaoluis.org.br\/home\/wp-json\/wp\/v2\/users\/2"}],"replies":[{"embeddable":true,"href":"https:\/\/www.diocesesaoluis.org.br\/home\/wp-json\/wp\/v2\/comments?post=11270"}],"version-history":[{"count":1,"href":"https:\/\/www.diocesesaoluis.org.br\/home\/wp-json\/wp\/v2\/posts\/11270\/revisions"}],"predecessor-version":[{"id":11272,"href":"https:\/\/www.diocesesaoluis.org.br\/home\/wp-json\/wp\/v2\/posts\/11270\/revisions\/11272"}],"wp:featuredmedia":[{"embeddable":true,"href":"https:\/\/www.diocesesaoluis.org.br\/home\/wp-json\/wp\/v2\/media\/11271"}],"wp:attachment":[{"href":"https:\/\/www.diocesesaoluis.org.br\/home\/wp-json\/wp\/v2\/media?parent=11270"}],"wp:term":[{"taxonomy":"category","embeddable":true,"href":"https:\/\/www.diocesesaoluis.org.br\/home\/wp-json\/wp\/v2\/categories?post=11270"},{"taxonomy":"post_tag","embeddable":true,"href":"https:\/\/www.diocesesaoluis.org.br\/home\/wp-json\/wp\/v2\/tags?post=11270"}],"curies":[{"name":"wp","href":"https:\/\/api.w.org\/{rel}","templated":true}]}}