{"id":11051,"date":"2020-12-28T10:09:36","date_gmt":"2020-12-28T13:09:36","guid":{"rendered":"https:\/\/www.diocesesaoluis.org.br\/home\/?p=11051"},"modified":"2021-09-16T07:52:28","modified_gmt":"2021-09-16T10:52:28","slug":"paroquia-de-aurilandia-acolhe-novo-paroco","status":"publish","type":"post","link":"https:\/\/www.diocesesaoluis.org.br\/home\/2020\/12\/28\/paroquia-de-aurilandia-acolhe-novo-paroco\/","title":{"rendered":"Par\u00f3quia de Auril\u00e2ndia acolhe novo p\u00e1roco"},"content":{"rendered":"\n<p>No domingo, 27\/12, Festa da Sagrada Fam\u00edlia, a Par\u00f3quia Santa Luzia, em Auril\u00e2ndia, recebeu seu novo p\u00e1roco. Na Santa Missa presidida por Dom Lindomar Rocha, bispo diocesano, foi empossado como p\u00e1roco o Pe. Joaquim Gon\u00e7alves de Morais. Al\u00e9m dele, a comunidade paroquial ter\u00e1 o aux\u00edlio de Dom Carmelo Scampa, bispo em\u00e9rito, que residir\u00e1 na Par\u00f3quia.<\/p>\n\n\n\n<p>A Santa Missa foi concelebrada pelo Pe. Josimar, p\u00e1roco de Cezarina; Pe. Luiz Carlos, que esteve na Par\u00f3quia nos \u00faltimos 3 meses e assumir\u00e1 a Par\u00f3quia de Doverl\u00e2ndia e o Pe. Marcus Vin\u00edcius, vice-chanceler da C\u00faria. Ainda estiveram presentes os seminaristas maiores, fi\u00e9is leigos e amigos do Pe. Joaquim e de Dom Carmelo.<\/p>\n\n\n\n<p>Nos \u00faltimos 16 anos, o Pe. Joaquim colaborou diretamente na forma\u00e7\u00e3o dos sacerdotes diocesanos, como reitor do Semin\u00e1rio Maior S\u00e3o Lu\u00eds Gonzaga, em Aparecida de Goi\u00e2nia. <\/p>\n\n\n<div style=\"min-height: 312px;; \" class=\"ub_image_slider swiper-container wp-block-ub-image-slider\" id=\"ub_image_slider_8d2cf2f6-5a49-41f1-b26e-5cc2e785ee8c\" data-swiper-data='{\"speed\":300,\"spaceBetween\":20,\"slidesPerView\":1,\"loop\":true,\"pagination\":{\"el\": \".swiper-pagination\" , \"type\": \"bullets\", \"clickable\":true},\"navigation\": {\"nextEl\": \".swiper-button-next\", \"prevEl\": \".swiper-button-prev\"}, \"keyboard\": { \"enabled\": true }, \"effect\": \"slide\",\"simulateTouch\":false}'>\n            <div class=\"swiper-wrapper\"><figure class=\"swiper-slide\">\n                <img decoding=\"async\" src=\"https:\/\/www.diocesesaoluis.org.br\/home\/wp-content\/uploads\/2020\/12\/IMG-20201227-WA0027.jpg\" alt=\"\" style=\"height: 277px;; \">\n                <figcaption class=\"ub_image_slider_image_caption\"><\/figcaption>\n            <\/figure><figure class=\"swiper-slide\">\n                <img decoding=\"async\" src=\"https:\/\/www.diocesesaoluis.org.br\/home\/wp-content\/uploads\/2020\/12\/IMG-20201227-WA0007.jpg\" alt=\"\" style=\"height: 277px;; \">\n                <figcaption class=\"ub_image_slider_image_caption\"><\/figcaption>\n            <\/figure><figure class=\"swiper-slide\">\n                <img decoding=\"async\" src=\"https:\/\/www.diocesesaoluis.org.br\/home\/wp-content\/uploads\/2020\/12\/IMG-20201227-WA0006-1.jpg\" alt=\"\" style=\"height: 277px;; \">\n                <figcaption class=\"ub_image_slider_image_caption\"><\/figcaption>\n            <\/figure><figure class=\"swiper-slide\">\n                <img decoding=\"async\" src=\"https:\/\/www.diocesesaoluis.org.br\/home\/wp-content\/uploads\/2020\/12\/IMG-20201227-WA0005.jpg\" alt=\"\" style=\"height: 277px;; \">\n                <figcaption class=\"ub_image_slider_image_caption\"><\/figcaption>\n            <\/figure><figure class=\"swiper-slide\">\n                <img decoding=\"async\" src=\"https:\/\/www.diocesesaoluis.org.br\/home\/wp-content\/uploads\/2020\/12\/IMG-20201227-WA0010.jpg\" alt=\"\" style=\"height: 277px;; \">\n                <figcaption class=\"ub_image_slider_image_caption\"><\/figcaption>\n            <\/figure><figure class=\"swiper-slide\">\n                <img decoding=\"async\" src=\"https:\/\/www.diocesesaoluis.org.br\/home\/wp-content\/uploads\/2020\/12\/IMG-20201227-WA0009.jpg\" alt=\"\" style=\"height: 277px;; \">\n                <figcaption class=\"ub_image_slider_image_caption\"><\/figcaption>\n            <\/figure><figure class=\"swiper-slide\">\n                <img decoding=\"async\" src=\"https:\/\/www.diocesesaoluis.org.br\/home\/wp-content\/uploads\/2020\/12\/IMG-20201227-WA0004.jpg\" alt=\"\" style=\"height: 277px;; \">\n                <figcaption class=\"ub_image_slider_image_caption\"><\/figcaption>\n            <\/figure><figure class=\"swiper-slide\">\n                <img decoding=\"async\" src=\"https:\/\/www.diocesesaoluis.org.br\/home\/wp-content\/uploads\/2020\/12\/PSX_20201227_143028.jpg\" alt=\"\" style=\"height: 277px;; \">\n                <figcaption class=\"ub_image_slider_image_caption\"><\/figcaption>\n            <\/figure><figure class=\"swiper-slide\">\n                <img decoding=\"async\" src=\"https:\/\/www.diocesesaoluis.org.br\/home\/wp-content\/uploads\/2020\/12\/PSX_20201227_143055.jpg\" alt=\"\" style=\"height: 277px;; \">\n                <figcaption class=\"ub_image_slider_image_caption\"><\/figcaption>\n            <\/figure><figure class=\"swiper-slide\">\n                <img decoding=\"async\" src=\"https:\/\/www.diocesesaoluis.org.br\/home\/wp-content\/uploads\/2020\/12\/IMG-20201227-WA0003.jpg\" alt=\"\" style=\"height: 277px;; \">\n                <figcaption class=\"ub_image_slider_image_caption\"><\/figcaption>\n            <\/figure><figure class=\"swiper-slide\">\n                <img decoding=\"async\" src=\"https:\/\/www.diocesesaoluis.org.br\/home\/wp-content\/uploads\/2020\/12\/IMG-20201227-WA0015.jpg\" alt=\"\" style=\"height: 277px;; \">\n                <figcaption class=\"ub_image_slider_image_caption\"><\/figcaption>\n            <\/figure><figure class=\"swiper-slide\">\n                <img decoding=\"async\" src=\"https:\/\/www.diocesesaoluis.org.br\/home\/wp-content\/uploads\/2020\/12\/IMG-20201227-WA0021.jpg\" alt=\"\" style=\"height: 277px;; \">\n                <figcaption class=\"ub_image_slider_image_caption\"><\/figcaption>\n            <\/figure><figure class=\"swiper-slide\">\n                <img decoding=\"async\" src=\"https:\/\/www.diocesesaoluis.org.br\/home\/wp-content\/uploads\/2020\/12\/IMG-20201227-WA0014.jpg\" alt=\"\" style=\"height: 277px;; \">\n                <figcaption class=\"ub_image_slider_image_caption\"><\/figcaption>\n            <\/figure><figure class=\"swiper-slide\">\n                <img decoding=\"async\" src=\"https:\/\/www.diocesesaoluis.org.br\/home\/wp-content\/uploads\/2020\/12\/IMG-20201227-WA0030.jpg\" alt=\"\" style=\"height: 277px;; \">\n                <figcaption class=\"ub_image_slider_image_caption\"><\/figcaption>\n            <\/figure><figure class=\"swiper-slide\">\n                <img decoding=\"async\" src=\"https:\/\/www.diocesesaoluis.org.br\/home\/wp-content\/uploads\/2020\/12\/IMG-20201227-WA0029.jpg\" alt=\"\" style=\"height: 277px;; \">\n                <figcaption class=\"ub_image_slider_image_caption\"><\/figcaption>\n            <\/figure><figure class=\"swiper-slide\">\n                <img decoding=\"async\" src=\"https:\/\/www.diocesesaoluis.org.br\/home\/wp-content\/uploads\/2020\/12\/IMG-20201227-WA0028-1.jpg\" alt=\"\" style=\"height: 277px;; \">\n                <figcaption class=\"ub_image_slider_image_caption\"><\/figcaption>\n            <\/figure><figure class=\"swiper-slide\">\n                <img decoding=\"async\" src=\"https:\/\/www.diocesesaoluis.org.br\/home\/wp-content\/uploads\/2020\/12\/PSX_20201227_142914.jpg\" alt=\"\" style=\"height: 277px;; \">\n                <figcaption class=\"ub_image_slider_image_caption\"><\/figcaption>\n            <\/figure><figure class=\"swiper-slide\">\n                <img decoding=\"async\" src=\"https:\/\/www.diocesesaoluis.org.br\/home\/wp-content\/uploads\/2020\/12\/IMG-20201227-WA0024.jpg\" alt=\"\" style=\"height: 277px;; \">\n                <figcaption class=\"ub_image_slider_image_caption\"><\/figcaption>\n            <\/figure><figure class=\"swiper-slide\">\n                <img decoding=\"async\" src=\"https:\/\/www.diocesesaoluis.org.br\/home\/wp-content\/uploads\/2020\/12\/IMG-20201227-WA0018.jpg\" alt=\"\" style=\"height: 277px;; \">\n                <figcaption class=\"ub_image_slider_image_caption\"><\/figcaption>\n            <\/figure><figure class=\"swiper-slide\">\n                <img decoding=\"async\" src=\"https:\/\/www.diocesesaoluis.org.br\/home\/wp-content\/uploads\/2020\/12\/IMG-20201227-WA0019.jpg\" alt=\"\" style=\"height: 277px;; \">\n                <figcaption class=\"ub_image_slider_image_caption\"><\/figcaption>\n            <\/figure><figure class=\"swiper-slide\">\n                <img decoding=\"async\" src=\"https:\/\/www.diocesesaoluis.org.br\/home\/wp-content\/uploads\/2020\/12\/IMG-20201227-WA0023.jpg\" alt=\"\" style=\"height: 277px;; \">\n                <figcaption class=\"ub_image_slider_image_caption\"><\/figcaption>\n            <\/figure><figure class=\"swiper-slide\">\n                <img decoding=\"async\" src=\"https:\/\/www.diocesesaoluis.org.br\/home\/wp-content\/uploads\/2020\/12\/IMG-20201227-WA0022.jpg\" alt=\"\" style=\"height: 277px;; \">\n                <figcaption class=\"ub_image_slider_image_caption\"><\/figcaption>\n            <\/figure><\/div>\n            <div class=\"swiper-pagination\"><\/div>\n            <div class=\"swiper-button-prev\"><\/div> <div class=\"swiper-button-next\"><\/div>\n        <\/div>","protected":false},"excerpt":{"rendered":"<p>No domingo, 27\/12, Festa da Sagrada Fam\u00edlia, a Par\u00f3quia Santa Luzia, em Auril\u00e2ndia, recebeu seu novo p\u00e1roco. Na Santa Missa presidida por Dom Lindomar Rocha, bispo diocesano, foi empossado como p\u00e1roco o Pe. Joaquim Gon\u00e7alves de Morais. Al\u00e9m dele, a comunidade paroquial ter\u00e1 o aux\u00edlio de Dom Carmelo Scampa, bispo em\u00e9rito, que residir\u00e1 na Par\u00f3quia.<span class=\"read-more arrow\"><a href=\"https:\/\/www.diocesesaoluis.org.br\/home\/2020\/12\/28\/paroquia-de-aurilandia-acolhe-novo-paroco\/\" title=\"Read More\">&rarr;<\/a><\/span><\/p>\n","protected":false},"author":2,"featured_media":11054,"comment_status":"closed","ping_status":"open","sticky":false,"template":"","format":"standard","meta":{"ub_ctt_via":"","footnotes":""},"categories":[73],"tags":[288,221,287,123,264],"class_list":{"0":"post-11051","1":"post","2":"type-post","3":"status-publish","4":"format-standard","5":"has-post-thumbnail","7":"category-paroquias","8":"tag-dom-carmelo","9":"tag-dom-lindomar","10":"tag-novo-paroco","11":"tag-paroquia-santa-luzia-aurilandia-go","12":"tag-posse-canonica"},"featured_image_src":"https:\/\/www.diocesesaoluis.org.br\/home\/wp-content\/uploads\/2020\/12\/IMG-20201227-WA0006.jpg","author_info":{"display_name":false,"author_link":"https:\/\/www.diocesesaoluis.org.br\/home\/author\/lucas\/"},"_links":{"self":[{"href":"https:\/\/www.diocesesaoluis.org.br\/home\/wp-json\/wp\/v2\/posts\/11051","targetHints":{"allow":["GET"]}}],"collection":[{"href":"https:\/\/www.diocesesaoluis.org.br\/home\/wp-json\/wp\/v2\/posts"}],"about":[{"href":"https:\/\/www.diocesesaoluis.org.br\/home\/wp-json\/wp\/v2\/types\/post"}],"author":[{"embeddable":true,"href":"https:\/\/www.diocesesaoluis.org.br\/home\/wp-json\/wp\/v2\/users\/2"}],"replies":[{"embeddable":true,"href":"https:\/\/www.diocesesaoluis.org.br\/home\/wp-json\/wp\/v2\/comments?post=11051"}],"version-history":[{"count":2,"href":"https:\/\/www.diocesesaoluis.org.br\/home\/wp-json\/wp\/v2\/posts\/11051\/revisions"}],"predecessor-version":[{"id":11077,"href":"https:\/\/www.diocesesaoluis.org.br\/home\/wp-json\/wp\/v2\/posts\/11051\/revisions\/11077"}],"wp:featuredmedia":[{"embeddable":true,"href":"https:\/\/www.diocesesaoluis.org.br\/home\/wp-json\/wp\/v2\/media\/11054"}],"wp:attachment":[{"href":"https:\/\/www.diocesesaoluis.org.br\/home\/wp-json\/wp\/v2\/media?parent=11051"}],"wp:term":[{"taxonomy":"category","embeddable":true,"href":"https:\/\/www.diocesesaoluis.org.br\/home\/wp-json\/wp\/v2\/categories?post=11051"},{"taxonomy":"post_tag","embeddable":true,"href":"https:\/\/www.diocesesaoluis.org.br\/home\/wp-json\/wp\/v2\/tags?post=11051"}],"curies":[{"name":"wp","href":"https:\/\/api.w.org\/{rel}","templated":true}]}}