{"id":11041,"date":"2020-12-23T15:48:12","date_gmt":"2020-12-23T18:48:12","guid":{"rendered":"https:\/\/www.diocesesaoluis.org.br\/home\/?p=11041"},"modified":"2021-01-21T10:53:50","modified_gmt":"2021-01-21T13:53:50","slug":"padres-se-preparam-para-assumir-novas-missoes","status":"publish","type":"post","link":"https:\/\/www.diocesesaoluis.org.br\/home\/2020\/12\/23\/padres-se-preparam-para-assumir-novas-missoes\/","title":{"rendered":"Padres se preparam para assumir novas miss\u00f5es"},"content":{"rendered":"\n<p>A partir do pr\u00f3ximo domingo, 27\/12, alguns dos padres da nossa Diocese come\u00e7ar\u00e3o a assumir novas miss\u00f5es. As transfer\u00eancias foram feitas por Dom Lindomar Rocha no m\u00eas de outubro. Tamb\u00e9m foi comunicada a data da Ordena\u00e7\u00e3o Diaconal do seminarista Neilton. Confira abaixo a programa\u00e7\u00e3o. <\/p>\n\n\n\n<p><strong>Posse do Pe. Joaquim Gon\u00e7alves<\/strong><br>P\u00e1roco da Par\u00f3quia Santa Luzia &#8211; Auril\u00e2ndia.<br>Dia 27\/12\/2020, \u00e0s 9h.<\/p>\n\n\n\n<p><strong>Posse do<\/strong> <strong>Pe. Jo\u00e3o Aur\u00e9lio<\/strong><br>Respons\u00e1vel pela Par\u00f3quia Nossa Senhora da Guia \u2013 Firmin\u00f3polis<br>Cooperador: Pe. Marcus Vin\u00edcius<br>Dia 30\/12\/2020, \u00e0s 19:30h.<\/p>\n\n\n\n<p><strong>Posse do Pe. Ozaine Cardoso<\/strong><br>P\u00e1roco da Catedral S\u00e3o Lu\u00eds Gonzaga &#8211; S\u00e3o Lu\u00eds de Montes Belos.<br>Dia 01\/01\/2021, \u00e0s 9h.<\/p>\n\n\n\n<p><strong>Posse do Pe. Luiz Carlos<\/strong><br>Administrador Paroquial da Par\u00f3quia Bom Jesus e S. Miguel \u2013 Doverl\u00e2ndia<br>Dia 02\/01\/2021, \u00e0s 9h.<\/p>\n\n\n\n<p><strong>Posse do Pe. Manoel Rejane<\/strong><br>P\u00e1roco da Par\u00f3quia Santo Ant\u00f4nio \u2013 Piranhas<br>Dia 02\/01\/2021, \u00e0s 19h.<\/p>\n\n\n\n<p><strong>Posse do Pe. Nilton Novato<\/strong><br>P\u00e1roco da Par\u00f3quia S\u00e3o Benedito \u2013 Acre\u00fana<br>Dia 03\/01\/2021, \u00e0s 9h.<\/p>\n\n\n\n<p><strong>Posse do Pe. Augusto Manoel<\/strong><br>P\u00e1roco da Par\u00f3quia Jesus Bom Pastor \u2013 Indiara<br>Dia 03\/01\/2021, \u00e0s 19h.<\/p>\n\n\n\n<p><strong>Posse do Pe. Paulo Ricardo<\/strong><br>Reitor do Semin\u00e1rio S\u00e3o Lu\u00eds Gonzaga \u2013 Aparecida de Goi\u00e2nia<br>Dia 02\/02\/2021, \u00e0s 18h.<\/p>\n\n\n\n<p><strong>Ordena\u00e7\u00e3o Diaconal do seminarista Neilton<\/strong><br>Catedral S\u00e3o Lu\u00eds Gonzaga &#8211; S\u00e3o Lu\u00eds de Montes Belos<br>Dia 05\/02\/2021, \u00e0s 18h.<\/p>\n","protected":false},"excerpt":{"rendered":"<p>A partir do pr\u00f3ximo domingo, 27\/12, alguns dos padres da nossa Diocese come\u00e7ar\u00e3o a assumir novas miss\u00f5es. As transfer\u00eancias foram feitas por Dom Lindomar Rocha no m\u00eas de outubro. Tamb\u00e9m foi comunicada a data da Ordena\u00e7\u00e3o Diaconal do seminarista Neilton. Confira abaixo a programa\u00e7\u00e3o. Posse do Pe. Joaquim Gon\u00e7alvesP\u00e1roco da Par\u00f3quia Santa Luzia &#8211; Auril\u00e2ndia.Dia<span class=\"read-more arrow\"><a href=\"https:\/\/www.diocesesaoluis.org.br\/home\/2020\/12\/23\/padres-se-preparam-para-assumir-novas-missoes\/\" title=\"Read More\">&rarr;<\/a><\/span><\/p>\n","protected":false},"author":2,"featured_media":11043,"comment_status":"closed","ping_status":"open","sticky":false,"template":"","format":"standard","meta":{"ub_ctt_via":"","footnotes":""},"categories":[6,3],"tags":[221,284,264],"class_list":{"0":"post-11041","1":"post","2":"type-post","3":"status-publish","4":"format-standard","5":"has-post-thumbnail","7":"category-bispo-diocesano","8":"category-clero","9":"tag-dom-lindomar","10":"tag-ordenacao-diaconal","11":"tag-posse-canonica"},"featured_image_src":"https:\/\/www.diocesesaoluis.org.br\/home\/wp-content\/uploads\/2020\/12\/Banner-artigo.jpg","author_info":{"display_name":false,"author_link":"https:\/\/www.diocesesaoluis.org.br\/home\/author\/lucas\/"},"_links":{"self":[{"href":"https:\/\/www.diocesesaoluis.org.br\/home\/wp-json\/wp\/v2\/posts\/11041","targetHints":{"allow":["GET"]}}],"collection":[{"href":"https:\/\/www.diocesesaoluis.org.br\/home\/wp-json\/wp\/v2\/posts"}],"about":[{"href":"https:\/\/www.diocesesaoluis.org.br\/home\/wp-json\/wp\/v2\/types\/post"}],"author":[{"embeddable":true,"href":"https:\/\/www.diocesesaoluis.org.br\/home\/wp-json\/wp\/v2\/users\/2"}],"replies":[{"embeddable":true,"href":"https:\/\/www.diocesesaoluis.org.br\/home\/wp-json\/wp\/v2\/comments?post=11041"}],"version-history":[{"count":4,"href":"https:\/\/www.diocesesaoluis.org.br\/home\/wp-json\/wp\/v2\/posts\/11041\/revisions"}],"predecessor-version":[{"id":11049,"href":"https:\/\/www.diocesesaoluis.org.br\/home\/wp-json\/wp\/v2\/posts\/11041\/revisions\/11049"}],"wp:featuredmedia":[{"embeddable":true,"href":"https:\/\/www.diocesesaoluis.org.br\/home\/wp-json\/wp\/v2\/media\/11043"}],"wp:attachment":[{"href":"https:\/\/www.diocesesaoluis.org.br\/home\/wp-json\/wp\/v2\/media?parent=11041"}],"wp:term":[{"taxonomy":"category","embeddable":true,"href":"https:\/\/www.diocesesaoluis.org.br\/home\/wp-json\/wp\/v2\/categories?post=11041"},{"taxonomy":"post_tag","embeddable":true,"href":"https:\/\/www.diocesesaoluis.org.br\/home\/wp-json\/wp\/v2\/tags?post=11041"}],"curies":[{"name":"wp","href":"https:\/\/api.w.org\/{rel}","templated":true}]}}