{"id":10958,"date":"2020-12-08T20:40:53","date_gmt":"2020-12-08T23:40:53","guid":{"rendered":"https:\/\/www.diocesesaoluis.org.br\/home\/?p=10958"},"modified":"2021-05-26T11:32:13","modified_gmt":"2021-05-26T14:32:13","slug":"dom-lindomar-administra-o-sacramento-da-confirmacao-a-jovens-e-adultos-de-indiara","status":"publish","type":"post","link":"https:\/\/www.diocesesaoluis.org.br\/home\/2020\/12\/08\/dom-lindomar-administra-o-sacramento-da-confirmacao-a-jovens-e-adultos-de-indiara\/","title":{"rendered":"Dom Lindomar administra o Sacramento da Confirma\u00e7\u00e3o a jovens e adultos de Indiara"},"content":{"rendered":"\n<p>No domingo, 06, Dom Lindomar Rocha, bispo diocesano, administrou o Sacramento da Confirma\u00e7\u00e3o a 30 jovens e adultos da Par\u00f3quia Jesus Bom Pastor, em Indiara. Os jovens foram preparados e acompanhados durante 2 anos pelas catequistas. A Celebra\u00e7\u00e3o Eucar\u00edstica foi concelebrada pelo p\u00e1roco, Pe. Ozaine, e foi restrita aos crismandos, pais e padrinhos para evitar aglomera\u00e7\u00f5es.<\/p>\n\n\n<div style=\"min-height: 315px;; \" class=\"ub_image_slider swiper-container wp-block-ub-image-slider\" id=\"ub_image_slider_76b67abd-b233-44d2-a446-ed9485c5144c\" data-swiper-data='{\"speed\":300,\"spaceBetween\":20,\"slidesPerView\":1,\"loop\":true,\"pagination\":{\"el\": \".swiper-pagination\" , \"type\": \"bullets\", \"clickable\":true},\"navigation\": {\"nextEl\": \".swiper-button-next\", \"prevEl\": \".swiper-button-prev\"}, \"keyboard\": { \"enabled\": true }, \"effect\": \"slide\",\"simulateTouch\":false}'>\n            <div class=\"swiper-wrapper\"><figure class=\"swiper-slide\">\n                <img decoding=\"async\" src=\"https:\/\/www.diocesesaoluis.org.br\/home\/wp-content\/uploads\/2020\/12\/WhatsApp-Image-2020-12-08-at-17.24.26.jpeg\" alt=\"\" style=\"height: 280px;; \">\n                <figcaption class=\"ub_image_slider_image_caption\"><\/figcaption>\n            <\/figure><figure class=\"swiper-slide\">\n                <img decoding=\"async\" src=\"https:\/\/www.diocesesaoluis.org.br\/home\/wp-content\/uploads\/2020\/12\/WhatsApp-Image-2020-12-08-at-15.28.22.jpeg\" alt=\"\" style=\"height: 280px;; \">\n                <figcaption class=\"ub_image_slider_image_caption\"><\/figcaption>\n            <\/figure><figure class=\"swiper-slide\">\n                <img decoding=\"async\" src=\"https:\/\/www.diocesesaoluis.org.br\/home\/wp-content\/uploads\/2020\/12\/WhatsApp-Image-2020-12-08-at-15.28.22-5.jpeg\" alt=\"\" style=\"height: 280px;; \">\n                <figcaption class=\"ub_image_slider_image_caption\"><\/figcaption>\n            <\/figure><figure class=\"swiper-slide\">\n                <img decoding=\"async\" src=\"https:\/\/www.diocesesaoluis.org.br\/home\/wp-content\/uploads\/2020\/12\/WhatsApp-Image-2020-12-08-at-15.28.22-3.jpeg\" alt=\"\" style=\"height: 280px;; \">\n                <figcaption class=\"ub_image_slider_image_caption\"><\/figcaption>\n            <\/figure><figure class=\"swiper-slide\">\n                <img decoding=\"async\" src=\"https:\/\/www.diocesesaoluis.org.br\/home\/wp-content\/uploads\/2020\/12\/WhatsApp-Image-2020-12-08-at-15.28.22-4.jpeg\" alt=\"\" style=\"height: 280px;; \">\n                <figcaption class=\"ub_image_slider_image_caption\"><\/figcaption>\n            <\/figure><figure class=\"swiper-slide\">\n                <img decoding=\"async\" src=\"https:\/\/www.diocesesaoluis.org.br\/home\/wp-content\/uploads\/2020\/12\/WhatsApp-Image-2020-12-08-at-15.28.22-7.jpeg\" alt=\"\" style=\"height: 280px;; \">\n                <figcaption class=\"ub_image_slider_image_caption\"><\/figcaption>\n            <\/figure><figure class=\"swiper-slide\">\n                <img decoding=\"async\" src=\"https:\/\/www.diocesesaoluis.org.br\/home\/wp-content\/uploads\/2020\/12\/WhatsApp-Image-2020-12-08-at-15.26.43.jpeg\" alt=\"\" style=\"height: 280px;; \">\n                <figcaption class=\"ub_image_slider_image_caption\"><\/figcaption>\n            <\/figure><figure class=\"swiper-slide\">\n                <img decoding=\"async\" src=\"https:\/\/www.diocesesaoluis.org.br\/home\/wp-content\/uploads\/2020\/12\/WhatsApp-Image-2020-12-08-at-17.20.34.jpeg\" alt=\"\" style=\"height: 280px;; \">\n                <figcaption class=\"ub_image_slider_image_caption\"><\/figcaption>\n            <\/figure><figure class=\"swiper-slide\">\n                <img decoding=\"async\" src=\"https:\/\/www.diocesesaoluis.org.br\/home\/wp-content\/uploads\/2020\/12\/WhatsApp-Image-2020-12-08-at-17.20.34-3.jpeg\" alt=\"\" style=\"height: 280px;; \">\n                <figcaption class=\"ub_image_slider_image_caption\"><\/figcaption>\n            <\/figure><figure class=\"swiper-slide\">\n                <img decoding=\"async\" src=\"https:\/\/www.diocesesaoluis.org.br\/home\/wp-content\/uploads\/2020\/12\/WhatsApp-Image-2020-12-08-at-17.20.34-1.jpeg\" alt=\"\" style=\"height: 280px;; \">\n                <figcaption class=\"ub_image_slider_image_caption\"><\/figcaption>\n            <\/figure><\/div>\n            <div class=\"swiper-pagination\"><\/div>\n            <div class=\"swiper-button-prev\"><\/div> <div class=\"swiper-button-next\"><\/div>\n        <\/div>","protected":false},"excerpt":{"rendered":"<p>No domingo, 06, Dom Lindomar Rocha, bispo diocesano, administrou o Sacramento da Confirma\u00e7\u00e3o a 30 jovens e adultos da Par\u00f3quia Jesus Bom Pastor, em Indiara. Os jovens foram preparados e acompanhados durante 2 anos pelas catequistas. A Celebra\u00e7\u00e3o Eucar\u00edstica foi concelebrada pelo p\u00e1roco, Pe. Ozaine, e foi restrita aos crismandos, pais e padrinhos para evitar<span class=\"read-more arrow\"><a href=\"https:\/\/www.diocesesaoluis.org.br\/home\/2020\/12\/08\/dom-lindomar-administra-o-sacramento-da-confirmacao-a-jovens-e-adultos-de-indiara\/\" title=\"Read More\">&rarr;<\/a><\/span><\/p>\n","protected":false},"author":2,"featured_media":10957,"comment_status":"closed","ping_status":"open","sticky":false,"template":"","format":"standard","meta":{"ub_ctt_via":"","footnotes":""},"categories":[73],"tags":[256,133],"class_list":{"0":"post-10958","1":"post","2":"type-post","3":"status-publish","4":"format-standard","5":"has-post-thumbnail","7":"category-paroquias","8":"tag-crisma","9":"tag-paroquia-jesus-bom-pastor"},"featured_image_src":"https:\/\/www.diocesesaoluis.org.br\/home\/wp-content\/uploads\/2020\/12\/WhatsApp-Image-2020-12-08-at-15.26.43.jpeg","author_info":{"display_name":false,"author_link":"https:\/\/www.diocesesaoluis.org.br\/home\/author\/lucas\/"},"_links":{"self":[{"href":"https:\/\/www.diocesesaoluis.org.br\/home\/wp-json\/wp\/v2\/posts\/10958","targetHints":{"allow":["GET"]}}],"collection":[{"href":"https:\/\/www.diocesesaoluis.org.br\/home\/wp-json\/wp\/v2\/posts"}],"about":[{"href":"https:\/\/www.diocesesaoluis.org.br\/home\/wp-json\/wp\/v2\/types\/post"}],"author":[{"embeddable":true,"href":"https:\/\/www.diocesesaoluis.org.br\/home\/wp-json\/wp\/v2\/users\/2"}],"replies":[{"embeddable":true,"href":"https:\/\/www.diocesesaoluis.org.br\/home\/wp-json\/wp\/v2\/comments?post=10958"}],"version-history":[{"count":2,"href":"https:\/\/www.diocesesaoluis.org.br\/home\/wp-json\/wp\/v2\/posts\/10958\/revisions"}],"predecessor-version":[{"id":10960,"href":"https:\/\/www.diocesesaoluis.org.br\/home\/wp-json\/wp\/v2\/posts\/10958\/revisions\/10960"}],"wp:featuredmedia":[{"embeddable":true,"href":"https:\/\/www.diocesesaoluis.org.br\/home\/wp-json\/wp\/v2\/media\/10957"}],"wp:attachment":[{"href":"https:\/\/www.diocesesaoluis.org.br\/home\/wp-json\/wp\/v2\/media?parent=10958"}],"wp:term":[{"taxonomy":"category","embeddable":true,"href":"https:\/\/www.diocesesaoluis.org.br\/home\/wp-json\/wp\/v2\/categories?post=10958"},{"taxonomy":"post_tag","embeddable":true,"href":"https:\/\/www.diocesesaoluis.org.br\/home\/wp-json\/wp\/v2\/tags?post=10958"}],"curies":[{"name":"wp","href":"https:\/\/api.w.org\/{rel}","templated":true}]}}