{"id":10809,"date":"2020-11-25T11:33:54","date_gmt":"2020-11-25T14:33:54","guid":{"rendered":"https:\/\/www.diocesesaoluis.org.br\/home\/?p=10809"},"modified":"2020-12-23T16:29:34","modified_gmt":"2020-12-23T19:29:34","slug":"diocese-abrira-o-ano-santo-jubilar-pelos-60-anos-de-missao","status":"publish","type":"post","link":"https:\/\/www.diocesesaoluis.org.br\/home\/2020\/11\/25\/diocese-abrira-o-ano-santo-jubilar-pelos-60-anos-de-missao\/","title":{"rendered":"Diocese abrir\u00e1 o Ano Santo Jubilar pelos 60 anos de miss\u00e3o"},"content":{"rendered":"\n<p>No dia vinte e cinco de novembro de 1961, Sua Santidade o Papa Jo\u00e3o XIII criou pela Bula \u201cCum Venerabilis\u201d a Prelazia Nullius de S\u00e3o Lu\u00eds de Montes Belos. Chegada a maturidade eclesial da Prelazia, no dia quatro de agosto de 1981, Sua Santidade o Papa Jo\u00e3o Paulo II por meio da Bula \u201cCum Ecclesiae\u201d elevou-a Prelazia \u00e0 dignidade de Diocese. Sendo assim, no ano de 2021, a nossa Diocese completar\u00e1 60 anos de miss\u00e3o.<\/p>\n\n\n\n<div class=\"wp-block-group\"><div class=\"wp-block-group__inner-container is-layout-flow wp-block-group-is-layout-flow\">\n<div class=\"wp-block-media-text alignwide is-stacked-on-mobile\"><figure class=\"wp-block-media-text__media\"><img loading=\"lazy\" decoding=\"async\" width=\"1024\" height=\"1024\" src=\"https:\/\/www.diocesesaoluis.org.br\/home\/wp-content\/uploads\/2020\/11\/60-anos-1-1024x1024.jpg\" alt=\"\" class=\"wp-image-10815\" srcset=\"https:\/\/www.diocesesaoluis.org.br\/home\/wp-content\/uploads\/2020\/11\/60-anos-1-1024x1024.jpg 1024w, https:\/\/www.diocesesaoluis.org.br\/home\/wp-content\/uploads\/2020\/11\/60-anos-1-300x300.jpg 300w, https:\/\/www.diocesesaoluis.org.br\/home\/wp-content\/uploads\/2020\/11\/60-anos-1-150x150.jpg 150w, https:\/\/www.diocesesaoluis.org.br\/home\/wp-content\/uploads\/2020\/11\/60-anos-1-768x768.jpg 768w, https:\/\/www.diocesesaoluis.org.br\/home\/wp-content\/uploads\/2020\/11\/60-anos-1.jpg 1080w\" sizes=\"auto, (max-width: 1024px) 100vw, 1024px\" \/><\/figure><div class=\"wp-block-media-text__content\">\n<p class=\"has-normal-font-size\">Para bem viver esse per\u00edodo jubilar, nesta quarta-feira, 25 de novembro, ser\u00e1 aberto o Ano Jubilar dos 60 anos de cria\u00e7\u00e3o da nossa Prelazia e os 40 anos de eleva\u00e7\u00e3o \u00e0 Diocese. A programa\u00e7\u00e3o desse momento solene incluir\u00e1 a abertura da Porta Santa na Igreja Catedral e a Concelebra\u00e7\u00e3o Eucar\u00edstica, presidida pelo Arcebispo metropolitano de Goi\u00e2nia, Dom Washington Cruz, que foi o 2\u00ba bispo da Diocese. Dom Carmelo Scampa, bispo em\u00e9rito, e Dom Lindomar Rocha, bispo diocesano, tamb\u00e9m concelebrar\u00e3o, al\u00e9m de todo o Clero diocesano.<\/p>\n<\/div><\/div>\n<\/div><\/div>\n\n\n\n<p>Devido \u00e0 pandemia, a participa\u00e7\u00e3o na Santa Missa ser\u00e1 reservada para representantes das 40 Par\u00f3quias da Diocese. Entretanto, todos poder\u00e3o acompanhar atrav\u00e9s dos nossos meios de comunica\u00e7\u00e3o diocesanos: Rede Diocesana de R\u00e1dio, p\u00e1gina no Facebook e canal no YouTube.<\/p>\n\n\n\n<p class=\"has-medium-font-size\"><strong>Ano Santo Jubilar<\/strong><\/p>\n\n\n\n<p>O Ano Santo Jubilar ser\u00e1 aberto no dia 25 de novembro de 2020 e se estender\u00e1 at\u00e9 o dia 25 de novembro de 2021. De acordo com o decreto de Dom Lindomar, esse per\u00edodo &#8220;h\u00e1 de ser um tempo de alegre a\u00e7\u00e3o de gra\u00e7as, de renova\u00e7\u00e3o e fortalecimento das par\u00f3quias; dinamismo redobrado do apostolado laical, comprometimento do clero e de todo o povo no desejo sincero de corresponder ao projeto salv\u00edfico de Cristo&#8221;. Ainda, segundo o referido decreto, ser\u00e1 concedida indulg\u00eancia parcial a todos que, individualmente ou em grupo, visitarem a Catedral de S\u00e3o Lu\u00eds Gonzaga e rezarem pelas inten\u00e7\u00f5es do Papa e do bispo diocesano.<\/p>\n\n\n\n<p class=\"has-medium-font-size\"><strong>Sauda\u00e7\u00e3o do 2\u00ba bispo diocesano, Dom Washington Cruz<\/strong><\/p>\n\n\n\n<p>Dom Washington, que presidir\u00e1 a Santa Missa, gravou uma mensagem para toda a Diocese, em raz\u00e3o da abertura do Ano Jubilar. Confira abaixo:<\/p>\n\n\n\n<figure class=\"wp-block-embed-youtube aligncenter wp-block-embed is-type-video is-provider-youtube wp-embed-aspect-16-9 wp-has-aspect-ratio\"><div class=\"wp-block-embed__wrapper\">\n<iframe loading=\"lazy\" title=\"Mensagem de Dom Washington Cruz para o Ano Jubilar\" width=\"740\" height=\"416\" src=\"https:\/\/www.youtube.com\/embed\/diAiFCzB50k?feature=oembed\" frameborder=\"0\" allow=\"accelerometer; autoplay; clipboard-write; encrypted-media; gyroscope; picture-in-picture\" allowfullscreen><\/iframe>\n<\/div><\/figure>\n","protected":false},"excerpt":{"rendered":"<p>No dia vinte e cinco de novembro de 1961, Sua Santidade o Papa Jo\u00e3o XIII criou pela Bula \u201cCum Venerabilis\u201d a Prelazia Nullius de S\u00e3o Lu\u00eds de Montes Belos. Chegada a maturidade eclesial da Prelazia, no dia quatro de agosto de 1981, Sua Santidade o Papa Jo\u00e3o Paulo II por meio da Bula \u201cCum Ecclesiae\u201d<span class=\"read-more arrow\"><a href=\"https:\/\/www.diocesesaoluis.org.br\/home\/2020\/11\/25\/diocese-abrira-o-ano-santo-jubilar-pelos-60-anos-de-missao\/\" title=\"Read More\">&rarr;<\/a><\/span><\/p>\n","protected":false},"author":2,"featured_media":10813,"comment_status":"closed","ping_status":"open","sticky":false,"template":"","format":"standard","meta":{"ub_ctt_via":"","footnotes":""},"categories":[6,2],"tags":[277],"class_list":{"0":"post-10809","1":"post","2":"type-post","3":"status-publish","4":"format-standard","5":"has-post-thumbnail","7":"category-bispo-diocesano","8":"category-pascom","9":"tag-ano-jubilar"},"featured_image_src":"https:\/\/www.diocesesaoluis.org.br\/home\/wp-content\/uploads\/2020\/11\/60-anos.jpg","author_info":{"display_name":false,"author_link":"https:\/\/www.diocesesaoluis.org.br\/home\/author\/lucas\/"},"_links":{"self":[{"href":"https:\/\/www.diocesesaoluis.org.br\/home\/wp-json\/wp\/v2\/posts\/10809","targetHints":{"allow":["GET"]}}],"collection":[{"href":"https:\/\/www.diocesesaoluis.org.br\/home\/wp-json\/wp\/v2\/posts"}],"about":[{"href":"https:\/\/www.diocesesaoluis.org.br\/home\/wp-json\/wp\/v2\/types\/post"}],"author":[{"embeddable":true,"href":"https:\/\/www.diocesesaoluis.org.br\/home\/wp-json\/wp\/v2\/users\/2"}],"replies":[{"embeddable":true,"href":"https:\/\/www.diocesesaoluis.org.br\/home\/wp-json\/wp\/v2\/comments?post=10809"}],"version-history":[{"count":8,"href":"https:\/\/www.diocesesaoluis.org.br\/home\/wp-json\/wp\/v2\/posts\/10809\/revisions"}],"predecessor-version":[{"id":10819,"href":"https:\/\/www.diocesesaoluis.org.br\/home\/wp-json\/wp\/v2\/posts\/10809\/revisions\/10819"}],"wp:featuredmedia":[{"embeddable":true,"href":"https:\/\/www.diocesesaoluis.org.br\/home\/wp-json\/wp\/v2\/media\/10813"}],"wp:attachment":[{"href":"https:\/\/www.diocesesaoluis.org.br\/home\/wp-json\/wp\/v2\/media?parent=10809"}],"wp:term":[{"taxonomy":"category","embeddable":true,"href":"https:\/\/www.diocesesaoluis.org.br\/home\/wp-json\/wp\/v2\/categories?post=10809"},{"taxonomy":"post_tag","embeddable":true,"href":"https:\/\/www.diocesesaoluis.org.br\/home\/wp-json\/wp\/v2\/tags?post=10809"}],"curies":[{"name":"wp","href":"https:\/\/api.w.org\/{rel}","templated":true}]}}