{"id":10495,"date":"2020-10-21T12:43:34","date_gmt":"2020-10-21T15:43:34","guid":{"rendered":"https:\/\/www.diocesesaoluis.org.br\/home\/?p=10495"},"modified":"2020-11-07T16:48:23","modified_gmt":"2020-11-07T19:48:23","slug":"alteracoes-no-episcopado-do-regional-centro-oeste-da-cnbb","status":"publish","type":"post","link":"https:\/\/www.diocesesaoluis.org.br\/home\/2020\/10\/21\/alteracoes-no-episcopado-do-regional-centro-oeste-da-cnbb\/","title":{"rendered":"Altera\u00e7\u00f5es no episcopado do Regional Centro-Oeste da CNBB"},"content":{"rendered":"\n<p>Na manh\u00e3 desta quarta-feira, 21, foram anunciadas duas altera\u00e7\u00f5es no episcopado do nosso Regional. Dom Paulo Cezar Costa (\u00e0 direita), at\u00e9 ent\u00e3o bispo de S\u00e3o Carlos (SP), foi nomeado novo arcebispo da Arquidiocese de Bras\u00edlia (DF), vacante desde 11 de mar\u00e7o deste ano, quando o ent\u00e3o arcebispo, o cardeal Sergio da Rocha, foi nomeado arcebispo de Salvador (BA) e primaz do Brasil. Durante o per\u00edodo de vac\u00e2ncia, o bispo auxiliar dom Jos\u00e9 Aparecido Gon\u00e7alves de Almeida desempenhou a fun\u00e7\u00e3o de administrador diocesano. <br><br>A outra altera\u00e7\u00e3o foi de Dom Moacir Silva Arantes (\u00e0 esquerda), at\u00e9 ent\u00e3o bispo auxiliar da Arquidiocese de Goi\u00e2nia, que foi nomeado como o terceiro bispo da diocese de Barreiras (BA). A diocese estava vacante desde a nomea\u00e7\u00e3o de dom Josaf\u00e1 Menezes da Silva como arcebispo de Vit\u00f3ria da Conquista (BA), em 9 outubro de 2019.<\/p>\n\n\n\n<p class=\"has-medium-font-size\"><strong>NOVO ARCEBISPO DE BRAS\u00cdLIA<\/strong> <strong>(DF)<\/strong><\/p>\n\n\n\n<p>Natural de Valen\u00e7a (RJ), dom Paulo Cezar Costa nasceu em 20 de julho de 1967, filho de Geraldo Manoel da Costa Amaral e Maria Alice Miranda Amaral. Possui gradua\u00e7\u00e3o em Teologia pelo Instituto Superior de Teologia da arquidiocese do Rio de Janeiro (1991), Mestrado (1998) e Doutorado (2001) em Teologia pela Pontif\u00edcia Universidade Gregoriana.<\/p>\n\n\n\n<p>Foi ordenado presb\u00edtero aos 5 de dezembro de 1992. Em seu minist\u00e9rio presbiteral, foi vig\u00e1rio paroquial, p\u00e1roco, reitor do Semin\u00e1rio Diocesano Paulo VI, em Nova Igua\u00e7u (RJ). Colaborou na Confer\u00eancia Nacional dos Bispos do Brasil (CNBB) como membro do grupo de peritos da Comiss\u00e3o Episcopal de Doutrina e membro do Instituto Nacional de Pastoral.<\/p>\n\n\n\n<p>Tamb\u00e9m atuou no \u00e2mbito acad\u00eamico: na Pontif\u00edcia Universidade Cat\u00f3lica do Rio de Janeiro (PUC-Rio), foi professor titular, coordenador e diretor do Departamento de Teologia. No Instituto de Filosofia e Teologia Paulo VI, foi professor e diretor. Ainda exerceu doc\u00eancia no Instituto Superior de Teologia da Arquidiocese do Rio de Janeiro e na Escola Teol\u00f3gica S\u00e3o Bento (ETSB).<\/p>\n\n\n\n<p>Em 2010, foi nomeado pelo Papa Bento XVI como bispo auxiliar da arquidiocese de S\u00e3o Sebasti\u00e3o do Rio de Janeiro (RJ). Durante o quadri\u00eanio 2011-2015, foi membro da Comiss\u00e3o Episcopal Pastoral para a Doutrina da F\u00e9 da CNBB. Na realiza\u00e7\u00e3o da JMJ-2013, atuou como diretor administrativo.<\/p>\n\n\n\n<p>Em 22 de junho 2016, foi nomeado 7\u00ba bispo da diocese de S\u00e3o Carlos pelo Papa Francisco. Sua posse can\u00f4nica ocorreu no dia 6 de agosto daquele ano, na Catedral de S\u00e3o Carlos. Atualmente, \u00e9 integrante do grupo de bispos consultivos do Conselho Episcopal Latino Americano (Celam); presidente do Grupo de An\u00e1lise de Conjuntura Eclesial da CNBB; respons\u00e1vel pelo Setor Universidades da Comiss\u00e3o Episcopal Pastoral para a Cultura e a Educa\u00e7\u00e3o da CNBB; referencial para o Instituto Nacional de Pastoral Alberto Antoniazzi (Inapaz); membro do Conselho Permanente da CNBB; membro da Pontif\u00edcia Comiss\u00e3o para Am\u00e9rica Latina e do Pontif\u00edcio Conselho para a Promo\u00e7\u00e3o da Unidade dos Crist\u00e3os.<\/p>\n\n\n\n<p class=\"has-medium-font-size\"><strong>NOVO BISPO DE BARREIRAS (BA)<\/strong><\/p>\n\n\n\n<p>Mineiro de Itapecerica, dom Moacir nasceu em 3 de junho de 1969, filho de Bento Alves Arantes e Irene Pinto de Ara\u00fajo, dom Moacir Silva Arantes, sendo o 13\u00ba de 15 irm\u00e3os. Formou-se em filosofia e teologia em Belo Horizonte (MG) e foi ordenado padre em 14 de agosto de 1999.<\/p>\n\n\n\n<p>J\u00e1 foi p\u00e1roco e administrador paroquial em seis munic\u00edpios da diocese de Divin\u00f3polis (MG), bem como reitor dos semin\u00e1rios diocesanos, membro do conselho presbiteral e coordenador da Pastoral das Voca\u00e7\u00f5es e minist\u00e9rios da diocese.<\/p>\n\n\n\n<p>No Regional Leste 2 (Esp\u00edrito Santo e Minas Gerais) foi assessor eclesi\u00e1stico da Pastoral Familiar e por \u00faltimo assessor nacional da Comiss\u00e3o Episcopal Pastoral para a Vida e a Fam\u00edlia, da Confer\u00eancia Nacional dos Bispos do Brasil (CNBB).<\/p>\n\n\n\n<p>Dom Moacir foi nomeado bispo auxiliar de Goi\u00e2nia pelo papa Francisco, no dia 11 de maio de 2016, e ordenado na igreja matriz de S\u00e3o Bento, em sua terra natal, Itapecerica (MG), no dia 13 de agosto do mesmo ano, sob a imposi\u00e7\u00e3o das m\u00e3os do bispo em\u00e9rito de Divin\u00f3polis (MG), dom Jos\u00e9 Belvino do Nascimento, e dos bispos co-ordenantes, dom Jos\u00e9 Carlos de Souza Campos (diocesano de Divin\u00f3polis) e dom Washington Cruz, arcebispo de Goi\u00e2nia.<\/p>\n\n\n\n<p>Tomou posse no dia 26 de agosto de 2016, na catedral Nossa Senhora Auxiliadora, em Goi\u00e2nia. Seu lema episcopal \u00e9 In Simplicitate Cordis (Com simplicidade de cora\u00e7\u00e3o). O bispo integra a atual presid\u00eancia do Regional Centro-Oeste da CNBB, com mandato at\u00e9 2023, onde exerce a fun\u00e7\u00e3o de secret\u00e1rio.<\/p>\n\n\n\n<p><strong>Fonte: CNBB<\/strong><\/p>\n","protected":false},"excerpt":{"rendered":"<p>Na manh\u00e3 desta quarta-feira, 21, foram anunciadas duas altera\u00e7\u00f5es no episcopado do nosso Regional. Dom Paulo Cezar Costa (\u00e0 direita), at\u00e9 ent\u00e3o bispo de S\u00e3o Carlos (SP), foi nomeado novo arcebispo da Arquidiocese de Bras\u00edlia (DF), vacante desde 11 de mar\u00e7o deste ano, quando o ent\u00e3o arcebispo, o cardeal Sergio da Rocha, foi nomeado arcebispo<span class=\"read-more arrow\"><a href=\"https:\/\/www.diocesesaoluis.org.br\/home\/2020\/10\/21\/alteracoes-no-episcopado-do-regional-centro-oeste-da-cnbb\/\" title=\"Read More\">&rarr;<\/a><\/span><\/p>\n","protected":false},"author":2,"featured_media":10497,"comment_status":"open","ping_status":"open","sticky":false,"template":"","format":"standard","meta":{"ub_ctt_via":"","footnotes":""},"categories":[225],"tags":[215],"class_list":{"0":"post-10495","1":"post","2":"type-post","3":"status-publish","4":"format-standard","5":"has-post-thumbnail","7":"category-nomeacoes-papa","8":"tag-regional-centro-oeste"},"featured_image_src":"https:\/\/www.diocesesaoluis.org.br\/home\/wp-content\/uploads\/2020\/10\/2020-10-21.jpg","author_info":{"display_name":false,"author_link":"https:\/\/www.diocesesaoluis.org.br\/home\/author\/lucas\/"},"_links":{"self":[{"href":"https:\/\/www.diocesesaoluis.org.br\/home\/wp-json\/wp\/v2\/posts\/10495","targetHints":{"allow":["GET"]}}],"collection":[{"href":"https:\/\/www.diocesesaoluis.org.br\/home\/wp-json\/wp\/v2\/posts"}],"about":[{"href":"https:\/\/www.diocesesaoluis.org.br\/home\/wp-json\/wp\/v2\/types\/post"}],"author":[{"embeddable":true,"href":"https:\/\/www.diocesesaoluis.org.br\/home\/wp-json\/wp\/v2\/users\/2"}],"replies":[{"embeddable":true,"href":"https:\/\/www.diocesesaoluis.org.br\/home\/wp-json\/wp\/v2\/comments?post=10495"}],"version-history":[{"count":3,"href":"https:\/\/www.diocesesaoluis.org.br\/home\/wp-json\/wp\/v2\/posts\/10495\/revisions"}],"predecessor-version":[{"id":10499,"href":"https:\/\/www.diocesesaoluis.org.br\/home\/wp-json\/wp\/v2\/posts\/10495\/revisions\/10499"}],"wp:featuredmedia":[{"embeddable":true,"href":"https:\/\/www.diocesesaoluis.org.br\/home\/wp-json\/wp\/v2\/media\/10497"}],"wp:attachment":[{"href":"https:\/\/www.diocesesaoluis.org.br\/home\/wp-json\/wp\/v2\/media?parent=10495"}],"wp:term":[{"taxonomy":"category","embeddable":true,"href":"https:\/\/www.diocesesaoluis.org.br\/home\/wp-json\/wp\/v2\/categories?post=10495"},{"taxonomy":"post_tag","embeddable":true,"href":"https:\/\/www.diocesesaoluis.org.br\/home\/wp-json\/wp\/v2\/tags?post=10495"}],"curies":[{"name":"wp","href":"https:\/\/api.w.org\/{rel}","templated":true}]}}