{"id":10335,"date":"2020-09-30T15:31:47","date_gmt":"2020-09-30T18:31:47","guid":{"rendered":"https:\/\/www.diocesesaoluis.org.br\/home\/?p=10335"},"modified":"2021-05-26T11:33:41","modified_gmt":"2021-05-26T14:33:41","slug":"paroquia-de-israelandia-celebra-a-festa-de-seu-padroeiro","status":"publish","type":"post","link":"https:\/\/www.diocesesaoluis.org.br\/home\/2020\/09\/30\/paroquia-de-israelandia-celebra-a-festa-de-seu-padroeiro\/","title":{"rendered":"Par\u00f3quia de Israel\u00e2ndia celebra a Festa de seu padroeiro"},"content":{"rendered":"\n<p>A Par\u00f3quia S\u00e3o Jo\u00e3o Bosco, em Israel\u00e2ndia, celebrou a festa de seu padroeiro entre os dias 24 a 27 de setembro. Durante os dias de festa, a comunidade paroquial se reuniu para rezar o Santo Ter\u00e7o, seguido da Santa Missa e tamb\u00e9m da Adora\u00e7\u00e3o ao Sant\u00edssimo Sacramento. Como a participa\u00e7\u00e3o dos fi\u00e9is precisou ser reduzida na Igreja, os momentos festivos foram transmitidos pela internet. De acordo com o adm. paroquial, Pe. Jorge, neste ano, devido \u00e0 pandemia, optou-se por celebrar somente a parte espiritual da festa.<\/p>\n\n\n\n<p><strong>Sobre a vida de<\/strong> <strong>S\u00e3o Jo\u00e3o Bosco \u2013 (1815-1888)<\/strong><\/p>\n\n\n\n<p><em>Beatificado em 2-6-1929<\/em><br><em>Canonizado em 1-4-1934<\/em><\/p>\n\n\n\n<p>Nascido em Castelnuovo d\u2019Asti, no dia 16 de agosto de 1815, foi educado pela m\u00e3e na f\u00e9 e na pr\u00e1tica coerente da mensagem evang\u00e9lica. Com apenas nove anos, teve um sonho e intuiu que deveria se dedicar \u00e0 educa\u00e7\u00e3o da juventude. Ainda garoto, come\u00e7ou a entreter os meninos de sua idade com brincadeiras alternadas com trabalho, ora\u00e7\u00e3o e instru\u00e7\u00e3o religiosa.<\/p>\n\n\n\n<p>Ordenado sacerdote (1841) escolheu como programa de vida: \u201cDa mihi animas cetera tolle\u201d (Gn 14,2 1) e come\u00e7ou o seu apostolado no meio dos jovens mais pobres, fundando o Orat\u00f3rio e colocando-o sob a prote\u00e7\u00e3o de S\u00e3o Francisco de Sales.<\/p>\n\n\n\n<p>Com seu estilo educativo e a sua pr\u00e1xis pastoral, baseados na raz\u00e3o, na religi\u00e3o e na \u201camorevolezza\u201d (Sistema Preventivo) levava os adolescentes e os jovens \u00e0 reflex\u00e3o, ao encontro com Cristo e com os irm\u00e3os, \u00e0 educa\u00e7\u00e3o da f\u00e9 e \u00e0 sua celebra\u00e7\u00e3o nos sacramentos, ao compromisso apost\u00f3lico, civil e profissional.<\/p>\n\n\n\n<p>Entre os mais belos frutos de sua pedagogia destaca-se S\u00e3o Domingos S\u00e1vio.<\/p>\n\n\n\n<p>Fonte da sua infatig\u00e1vel atividade e da efic\u00e1cia de sua a\u00e7\u00e3o foi uma constante \u201cuni\u00e3o com Deus\u201d e uma ilimitada confian\u00e7a em Maria Auxiliadora que ele sentia como m\u00e3e. Aos seus filhos salesianos deixou em heran\u00e7a uma forma de vida religiosa simples, mas solidamente fundada nas virtudes crist\u00e3s, na contempla\u00e7\u00e3o na a\u00e7\u00e3o, e sintetizadas no bin\u00f4mio \u201ctrabalho e temperan\u00e7a\u201d.<\/p>\n\n\n\n<p>Escolheu entre seus jovens os melhores colaboradores de sua obra, dando origem \u00e0 Sociedade de S\u00e3o Francisco de Sales; junto com Santa Maria Domingas Mazzarello fundou o Instituto das Filhas de Maria Auxiliadora; e, com bons e ativos leigos, homens e mulheres, criou os Cooperadores Salesianos, para ajudar e apoiar a obra da educa\u00e7\u00e3o da juventude, antecipando assim novas formas de apostolado na Igreja.<\/p>\n\n\n\n<p>No Centen\u00e1rio de sua morte, que aconteceu no dia 31 de janeiro de 1888, Jo\u00e3o Paulo II o declarou e proclamou Pai e Mestre da juventude.<\/p>\n\n\n\n<p>Seu corpo repousa na Bas\u00edlica de Maria Auxiliadora, em Turim.<\/p>\n\n\n\n<p>Fonte: <em>sdb.org<\/em><\/p>\n\n\n<div style=\"min-height: 366px;; \" class=\"ub_image_slider swiper-container wp-block-ub-image-slider\" id=\"ub_image_slider_9fa8691f-f31c-4946-b45a-b7176729f572\" data-swiper-data='{\"speed\":300,\"spaceBetween\":20,\"slidesPerView\":1,\"loop\":true,\"pagination\":{\"el\": \".swiper-pagination\" , \"type\": \"bullets\", \"clickable\":true},\"navigation\": {\"nextEl\": \".swiper-button-next\", \"prevEl\": \".swiper-button-prev\"}, \"keyboard\": { \"enabled\": true }, \"effect\": \"slide\",\"simulateTouch\":false}'>\n            <div class=\"swiper-wrapper\"><figure class=\"swiper-slide\">\n                <img decoding=\"async\" src=\"https:\/\/www.diocesesaoluis.org.br\/home\/wp-content\/uploads\/2020\/09\/IMG-20200930-WA0028.jpg\" alt=\"\" style=\"height: 331px;; \">\n                <figcaption class=\"ub_image_slider_image_caption\"><\/figcaption>\n            <\/figure><figure class=\"swiper-slide\">\n                <img decoding=\"async\" src=\"https:\/\/www.diocesesaoluis.org.br\/home\/wp-content\/uploads\/2020\/09\/IMG-20200930-WA0029.jpg\" alt=\"\" style=\"height: 331px;; \">\n                <figcaption class=\"ub_image_slider_image_caption\"><\/figcaption>\n            <\/figure><figure class=\"swiper-slide\">\n                <img decoding=\"async\" src=\"https:\/\/www.diocesesaoluis.org.br\/home\/wp-content\/uploads\/2020\/09\/IMG-20200930-WA0023.jpg\" alt=\"\" style=\"height: 331px;; \">\n                <figcaption class=\"ub_image_slider_image_caption\"><\/figcaption>\n            <\/figure><figure class=\"swiper-slide\">\n                <img decoding=\"async\" src=\"https:\/\/www.diocesesaoluis.org.br\/home\/wp-content\/uploads\/2020\/09\/IMG-20200930-WA0024.jpg\" alt=\"\" style=\"height: 331px;; \">\n                <figcaption class=\"ub_image_slider_image_caption\"><\/figcaption>\n            <\/figure><figure class=\"swiper-slide\">\n                <img decoding=\"async\" src=\"https:\/\/www.diocesesaoluis.org.br\/home\/wp-content\/uploads\/2020\/09\/IMG-20200930-WA0025.jpg\" alt=\"\" style=\"height: 331px;; \">\n                <figcaption class=\"ub_image_slider_image_caption\"><\/figcaption>\n            <\/figure><figure class=\"swiper-slide\">\n                <img decoding=\"async\" src=\"https:\/\/www.diocesesaoluis.org.br\/home\/wp-content\/uploads\/2020\/09\/IMG-20200930-WA0026.jpg\" alt=\"\" style=\"height: 331px;; \">\n                <figcaption class=\"ub_image_slider_image_caption\"><\/figcaption>\n            <\/figure><figure class=\"swiper-slide\">\n                <img decoding=\"async\" src=\"https:\/\/www.diocesesaoluis.org.br\/home\/wp-content\/uploads\/2020\/09\/IMG-20200930-WA0027.jpg\" alt=\"\" style=\"height: 331px;; \">\n                <figcaption class=\"ub_image_slider_image_caption\"><\/figcaption>\n            <\/figure><figure class=\"swiper-slide\">\n                <img decoding=\"async\" src=\"https:\/\/www.diocesesaoluis.org.br\/home\/wp-content\/uploads\/2020\/09\/IMG-20200930-WA0030.jpg\" alt=\"\" style=\"height: 331px;; \">\n                <figcaption class=\"ub_image_slider_image_caption\"><\/figcaption>\n            <\/figure><figure class=\"swiper-slide\">\n                <img decoding=\"async\" src=\"https:\/\/www.diocesesaoluis.org.br\/home\/wp-content\/uploads\/2020\/09\/IMG-20200930-WA0031.jpg\" alt=\"\" style=\"height: 331px;; \">\n                <figcaption class=\"ub_image_slider_image_caption\"><\/figcaption>\n            <\/figure><figure class=\"swiper-slide\">\n                <img decoding=\"async\" src=\"https:\/\/www.diocesesaoluis.org.br\/home\/wp-content\/uploads\/2020\/09\/IMG-20200930-WA0032.jpg\" alt=\"\" style=\"height: 331px;; \">\n                <figcaption class=\"ub_image_slider_image_caption\"><\/figcaption>\n            <\/figure><figure class=\"swiper-slide\">\n                <img decoding=\"async\" src=\"https:\/\/www.diocesesaoluis.org.br\/home\/wp-content\/uploads\/2020\/09\/IMG-20200930-WA0033.jpg\" alt=\"\" style=\"height: 331px;; \">\n                <figcaption class=\"ub_image_slider_image_caption\"><\/figcaption>\n            <\/figure><figure class=\"swiper-slide\">\n                <img decoding=\"async\" src=\"https:\/\/www.diocesesaoluis.org.br\/home\/wp-content\/uploads\/2020\/09\/IMG-20200930-WA0034.jpg\" alt=\"\" style=\"height: 331px;; \">\n                <figcaption class=\"ub_image_slider_image_caption\"><\/figcaption>\n            <\/figure><figure class=\"swiper-slide\">\n                <img decoding=\"async\" src=\"https:\/\/www.diocesesaoluis.org.br\/home\/wp-content\/uploads\/2020\/09\/IMG-20200930-WA0018.jpg\" alt=\"\" style=\"height: 331px;; \">\n                <figcaption class=\"ub_image_slider_image_caption\"><\/figcaption>\n            <\/figure><figure class=\"swiper-slide\">\n                <img decoding=\"async\" src=\"https:\/\/www.diocesesaoluis.org.br\/home\/wp-content\/uploads\/2020\/09\/IMG-20200930-WA0019.jpg\" alt=\"\" style=\"height: 331px;; \">\n                <figcaption class=\"ub_image_slider_image_caption\"><\/figcaption>\n            <\/figure><figure class=\"swiper-slide\">\n                <img decoding=\"async\" src=\"https:\/\/www.diocesesaoluis.org.br\/home\/wp-content\/uploads\/2020\/09\/IMG-20200930-WA0020.jpg\" alt=\"\" style=\"height: 331px;; \">\n                <figcaption class=\"ub_image_slider_image_caption\"><\/figcaption>\n            <\/figure><figure class=\"swiper-slide\">\n                <img decoding=\"async\" src=\"https:\/\/www.diocesesaoluis.org.br\/home\/wp-content\/uploads\/2020\/09\/IMG-20200930-WA0021.jpg\" alt=\"\" style=\"height: 331px;; \">\n                <figcaption class=\"ub_image_slider_image_caption\"><\/figcaption>\n            <\/figure><figure class=\"swiper-slide\">\n                <img decoding=\"async\" src=\"https:\/\/www.diocesesaoluis.org.br\/home\/wp-content\/uploads\/2020\/09\/IMG-20200930-WA0017.jpg\" alt=\"\" style=\"height: 331px;; \">\n                <figcaption class=\"ub_image_slider_image_caption\"><\/figcaption>\n            <\/figure><\/div>\n            <div class=\"swiper-pagination\"><\/div>\n            <div class=\"swiper-button-prev\"><\/div> <div class=\"swiper-button-next\"><\/div>\n        <\/div>","protected":false},"excerpt":{"rendered":"<p>A Par\u00f3quia S\u00e3o Jo\u00e3o Bosco, em Israel\u00e2ndia, celebrou a festa de seu padroeiro entre os dias 24 a 27 de setembro. Durante os dias de festa, a comunidade paroquial se reuniu para rezar o Santo Ter\u00e7o, seguido da Santa Missa e tamb\u00e9m da Adora\u00e7\u00e3o ao Sant\u00edssimo Sacramento. Como a participa\u00e7\u00e3o dos fi\u00e9is precisou ser reduzida<span class=\"read-more arrow\"><a href=\"https:\/\/www.diocesesaoluis.org.br\/home\/2020\/09\/30\/paroquia-de-israelandia-celebra-a-festa-de-seu-padroeiro\/\" title=\"Read More\">&rarr;<\/a><\/span><\/p>\n","protected":false},"author":2,"featured_media":10350,"comment_status":"closed","ping_status":"open","sticky":false,"template":"","format":"standard","meta":{"ub_ctt_via":"","footnotes":""},"categories":[73],"tags":[250],"class_list":{"0":"post-10335","1":"post","2":"type-post","3":"status-publish","4":"format-standard","5":"has-post-thumbnail","7":"category-paroquias","8":"tag-festa-do-padroeiro"},"featured_image_src":"https:\/\/www.diocesesaoluis.org.br\/home\/wp-content\/uploads\/2020\/09\/IMG-20200930-WA0019.jpg","author_info":{"display_name":false,"author_link":"https:\/\/www.diocesesaoluis.org.br\/home\/author\/lucas\/"},"_links":{"self":[{"href":"https:\/\/www.diocesesaoluis.org.br\/home\/wp-json\/wp\/v2\/posts\/10335","targetHints":{"allow":["GET"]}}],"collection":[{"href":"https:\/\/www.diocesesaoluis.org.br\/home\/wp-json\/wp\/v2\/posts"}],"about":[{"href":"https:\/\/www.diocesesaoluis.org.br\/home\/wp-json\/wp\/v2\/types\/post"}],"author":[{"embeddable":true,"href":"https:\/\/www.diocesesaoluis.org.br\/home\/wp-json\/wp\/v2\/users\/2"}],"replies":[{"embeddable":true,"href":"https:\/\/www.diocesesaoluis.org.br\/home\/wp-json\/wp\/v2\/comments?post=10335"}],"version-history":[{"count":4,"href":"https:\/\/www.diocesesaoluis.org.br\/home\/wp-json\/wp\/v2\/posts\/10335\/revisions"}],"predecessor-version":[{"id":10356,"href":"https:\/\/www.diocesesaoluis.org.br\/home\/wp-json\/wp\/v2\/posts\/10335\/revisions\/10356"}],"wp:featuredmedia":[{"embeddable":true,"href":"https:\/\/www.diocesesaoluis.org.br\/home\/wp-json\/wp\/v2\/media\/10350"}],"wp:attachment":[{"href":"https:\/\/www.diocesesaoluis.org.br\/home\/wp-json\/wp\/v2\/media?parent=10335"}],"wp:term":[{"taxonomy":"category","embeddable":true,"href":"https:\/\/www.diocesesaoluis.org.br\/home\/wp-json\/wp\/v2\/categories?post=10335"},{"taxonomy":"post_tag","embeddable":true,"href":"https:\/\/www.diocesesaoluis.org.br\/home\/wp-json\/wp\/v2\/tags?post=10335"}],"curies":[{"name":"wp","href":"https:\/\/api.w.org\/{rel}","templated":true}]}}