{"id":10052,"date":"2020-08-21T12:57:35","date_gmt":"2020-08-21T15:57:35","guid":{"rendered":"https:\/\/www.diocesesaoluis.org.br\/home\/?p=10052"},"modified":"2020-09-03T08:18:23","modified_gmt":"2020-09-03T11:18:23","slug":"dom-lindomar-confere-sacramentos-da-iniciacao-em-parauna","status":"publish","type":"post","link":"https:\/\/www.diocesesaoluis.org.br\/home\/2020\/08\/21\/dom-lindomar-confere-sacramentos-da-iniciacao-em-parauna\/","title":{"rendered":"Dom Lindomar confere Sacramentos da Inicia\u00e7\u00e3o em Para\u00fana"},"content":{"rendered":"\n<p>A Par\u00f3quia Menino Jesus, em Para\u00fana, alegrou-se com a presen\u00e7a de Dom Lindomar Rocha, bispo diocesano, no \u00faltimo domingo (16). Ele celebrou, \u00e0s 19h, a Solenidade da Assun\u00e7\u00e3o de Nossa Senhora e, na oportunidade, conferiu a 05 jovens da comunidade os Sacramentos da Inicia\u00e7\u00e3o \u00e0 Vida Crist\u00e3: Batismo, Eucaristia e Crisma.<\/p>\n\n\n\n<p>Esses jovens receberiam os Sacramentos na Vig\u00edlia Pascal, conforme o RICA. Mas, devido \u00e0 situa\u00e7\u00e3o em que nos encontramos, foram obrigados a interromper a realiza\u00e7\u00e3o das \u00faltimas etapas vividas na quaresma e, consequentemente, n\u00e3o foram realizados os Sacramentos na ocasi\u00e3o.&nbsp;<\/p>\n\n\n\n<p>Para o Pe. Geraldo, p\u00e1roco local, a presen\u00e7a do bispo certamente trouxe aos paroquianos esperan\u00e7a e \u00e2nimo para continuar caminhando, sob o olhar amoroso do Pai e os cuidados de Nossa Senhora.<\/p>\n\n\n<div style=\"min-height: 316px;; \" class=\"ub_image_slider swiper-container wp-block-ub-image-slider\" id=\"ub_image_slider_558d282f-7552-4579-8d59-754908c16d8a\" data-swiper-data='{\"speed\":300,\"spaceBetween\":20,\"slidesPerView\":1,\"loop\":false,\"pagination\":{\"el\": null , \"type\": \"bullets\", \"clickable\":true},\"navigation\": {\"nextEl\": \".swiper-button-next\", \"prevEl\": \".swiper-button-prev\"}, \"keyboard\": { \"enabled\": true }, \"effect\": \"slide\",\"autoplay\":{\"delay\": 3000},\"simulateTouch\":false}'>\n            <div class=\"swiper-wrapper\"><figure class=\"swiper-slide\">\n                <img decoding=\"async\" src=\"https:\/\/www.diocesesaoluis.org.br\/home\/wp-content\/uploads\/2020\/08\/WhatsApp-Image-2020-08-21-at-09.21.13-1.jpeg\" alt=\"\" style=\"height: 281px;; \">\n                <figcaption class=\"ub_image_slider_image_caption\"><\/figcaption>\n            <\/figure><figure class=\"swiper-slide\">\n                <img decoding=\"async\" src=\"https:\/\/www.diocesesaoluis.org.br\/home\/wp-content\/uploads\/2020\/08\/WhatsApp-Image-2020-08-21-at-09.21.12-2.jpeg\" alt=\"\" style=\"height: 281px;; \">\n                <figcaption class=\"ub_image_slider_image_caption\"><\/figcaption>\n            <\/figure><figure class=\"swiper-slide\">\n                <img decoding=\"async\" src=\"https:\/\/www.diocesesaoluis.org.br\/home\/wp-content\/uploads\/2020\/08\/WhatsApp-Image-2020-08-21-at-09.21.12-1.jpeg\" alt=\"\" style=\"height: 281px;; \">\n                <figcaption class=\"ub_image_slider_image_caption\"><\/figcaption>\n            <\/figure><figure class=\"swiper-slide\">\n                <img decoding=\"async\" src=\"https:\/\/www.diocesesaoluis.org.br\/home\/wp-content\/uploads\/2020\/08\/WhatsApp-Image-2020-08-21-at-09.21.13.jpeg\" alt=\"\" style=\"height: 281px;; \">\n                <figcaption class=\"ub_image_slider_image_caption\"><\/figcaption>\n            <\/figure><figure class=\"swiper-slide\">\n                <img decoding=\"async\" src=\"https:\/\/www.diocesesaoluis.org.br\/home\/wp-content\/uploads\/2020\/08\/WhatsApp-Image-2020-08-21-at-09.21.12.jpeg\" alt=\"\" style=\"height: 281px;; \">\n                <figcaption class=\"ub_image_slider_image_caption\"><\/figcaption>\n            <\/figure><figure class=\"swiper-slide\">\n                <img decoding=\"async\" src=\"https:\/\/www.diocesesaoluis.org.br\/home\/wp-content\/uploads\/2020\/08\/WhatsApp-Image-2020-08-21-at-09.21.14.jpeg\" alt=\"\" style=\"height: 281px;; \">\n                <figcaption class=\"ub_image_slider_image_caption\"><\/figcaption>\n            <\/figure><\/div>\n            <div class=\"swiper-pagination\"><\/div>\n            <div class=\"swiper-button-prev\"><\/div> <div class=\"swiper-button-next\"><\/div>\n        <\/div>","protected":false},"excerpt":{"rendered":"<p>A Par\u00f3quia Menino Jesus, em Para\u00fana, alegrou-se com a presen\u00e7a de Dom Lindomar Rocha, bispo diocesano, no \u00faltimo domingo (16). Ele celebrou, \u00e0s 19h, a Solenidade da Assun\u00e7\u00e3o de Nossa Senhora e, na oportunidade, conferiu a 05 jovens da comunidade os Sacramentos da Inicia\u00e7\u00e3o \u00e0 Vida Crist\u00e3: Batismo, Eucaristia e Crisma. Esses jovens receberiam os<span class=\"read-more arrow\"><a href=\"https:\/\/www.diocesesaoluis.org.br\/home\/2020\/08\/21\/dom-lindomar-confere-sacramentos-da-iniciacao-em-parauna\/\" title=\"Read More\">&rarr;<\/a><\/span><\/p>\n","protected":false},"author":2,"featured_media":10056,"comment_status":"closed","ping_status":"open","sticky":false,"template":"","format":"standard","meta":{"ub_ctt_via":"","footnotes":""},"categories":[6,2],"tags":[221,143,236],"class_list":{"0":"post-10052","1":"post","2":"type-post","3":"status-publish","4":"format-standard","5":"has-post-thumbnail","7":"category-bispo-diocesano","8":"category-pascom","9":"tag-dom-lindomar","10":"tag-paroquia-menino-jesus","11":"tag-sacramentos"},"featured_image_src":"https:\/\/www.diocesesaoluis.org.br\/home\/wp-content\/uploads\/2020\/08\/WhatsApp-Image-2020-08-21-at-09.21.13-1.jpeg","author_info":{"display_name":false,"author_link":"https:\/\/www.diocesesaoluis.org.br\/home\/author\/lucas\/"},"_links":{"self":[{"href":"https:\/\/www.diocesesaoluis.org.br\/home\/wp-json\/wp\/v2\/posts\/10052","targetHints":{"allow":["GET"]}}],"collection":[{"href":"https:\/\/www.diocesesaoluis.org.br\/home\/wp-json\/wp\/v2\/posts"}],"about":[{"href":"https:\/\/www.diocesesaoluis.org.br\/home\/wp-json\/wp\/v2\/types\/post"}],"author":[{"embeddable":true,"href":"https:\/\/www.diocesesaoluis.org.br\/home\/wp-json\/wp\/v2\/users\/2"}],"replies":[{"embeddable":true,"href":"https:\/\/www.diocesesaoluis.org.br\/home\/wp-json\/wp\/v2\/comments?post=10052"}],"version-history":[{"count":8,"href":"https:\/\/www.diocesesaoluis.org.br\/home\/wp-json\/wp\/v2\/posts\/10052\/revisions"}],"predecessor-version":[{"id":10071,"href":"https:\/\/www.diocesesaoluis.org.br\/home\/wp-json\/wp\/v2\/posts\/10052\/revisions\/10071"}],"wp:featuredmedia":[{"embeddable":true,"href":"https:\/\/www.diocesesaoluis.org.br\/home\/wp-json\/wp\/v2\/media\/10056"}],"wp:attachment":[{"href":"https:\/\/www.diocesesaoluis.org.br\/home\/wp-json\/wp\/v2\/media?parent=10052"}],"wp:term":[{"taxonomy":"category","embeddable":true,"href":"https:\/\/www.diocesesaoluis.org.br\/home\/wp-json\/wp\/v2\/categories?post=10052"},{"taxonomy":"post_tag","embeddable":true,"href":"https:\/\/www.diocesesaoluis.org.br\/home\/wp-json\/wp\/v2\/tags?post=10052"}],"curies":[{"name":"wp","href":"https:\/\/api.w.org\/{rel}","templated":true}]}}